{"id":4234,"date":"2025-01-27T12:28:00","date_gmt":"2025-01-27T11:28:00","guid":{"rendered":"https:\/\/kktenis.pl\/kkt\/?p=4234"},"modified":"2025-01-27T12:34:06","modified_gmt":"2025-01-27T11:34:06","slug":"ferie-zimowe-2025-z-tenisem-w-tenis-club-k-k","status":"publish","type":"post","link":"https:\/\/kktenis.pl\/kkt\/ferie-zimowe-2025-z-tenisem-w-tenis-club-k-k\/","title":{"rendered":"Ferie Zimowe 2025 z tenisem  w Tenis Club K-Ko\u017ale"},"content":{"rendered":"<div class=\"xdj266r x11i5rnm xat24cr x1mh8g0r x1vvkbs x126k92a\">\n<div dir=\"auto\"><img fetchpriority=\"high\" decoding=\"async\" class=\"alignleft size-full wp-image-4235\" src=\"https:\/\/kktenis.pl\/kkt\/wp-content\/uploads\/2025\/01\/ferie.jpg\" alt=\"\" width=\"1000\" height=\"1414\" srcset=\"https:\/\/kktenis.pl\/kkt\/wp-content\/uploads\/2025\/01\/ferie.jpg 1000w, https:\/\/kktenis.pl\/kkt\/wp-content\/uploads\/2025\/01\/ferie-212x300.jpg 212w, https:\/\/kktenis.pl\/kkt\/wp-content\/uploads\/2025\/01\/ferie-724x1024.jpg 724w, https:\/\/kktenis.pl\/kkt\/wp-content\/uploads\/2025\/01\/ferie-768x1086.jpg 768w\" sizes=\"(max-width: 1000px) 100vw, 1000px\" \/><\/div>\n<div dir=\"auto\">Bezp\u0142atne zaj\u0119cia poprowadzi licencjonowany instruktor tenisa<\/div>\n<div dir=\"auto\"><span class=\"html-span xdj266r x11i5rnm xat24cr x1mh8g0r xexx8yu x4uap5 x18d9i69 xkhd6sd x1hl2dhg x16tdsg8 x1vvkbs\"><a class=\"x1i10hfl xjbqb8w x1ejq31n xd10rxx x1sy0etr x17r0tee x972fbf xcfux6l x1qhh985 xm0m39n x9f619 x1ypdohk xt0psk2 xe8uvvx xdj266r x11i5rnm xat24cr x1mh8g0r xexx8yu x4uap5 x18d9i69 xkhd6sd x16tdsg8 x1hl2dhg xggy1nq x1a2a7pz x1sur9pj xkrqix3 x1fey0fg x1s688f\" tabindex=\"0\" role=\"link\" href=\"https:\/\/www.facebook.com\/kacper.moryn?__cft__[0]=AZU6RdFSfIQDNohIxPj7Kk3aHj2q9XN1YS-shn505780lFZ6Kqx013CW8vehFs8mFSA45ilXj9YFsh9oRj570Gb0TLKrJuBAqdMk7_vpkoHD34UT-ONtv4c_8Jamu7YgTZqiTz99phEROvddwscaqn_6U0xlAHP39V9S2iHc28D9joCD7GRlDlW9VmVtylJUzrY&amp;__tn__=-]K-R\"><span class=\"xt0psk2\"><span class=\"xjp7ctv\"><span aria-describedby=\":r4h:\">Kacper Mory\u0144<\/span><\/span><\/span><\/a><\/span><\/div>\n<div dir=\"auto\">Zapraszamy serdecznie, wszystkie dzieci oraz m\u0142odzie\u017c z naszego miasta, okolic.<\/div>\n<div dir=\"auto\"><span class=\"html-span xdj266r x11i5rnm xat24cr x1mh8g0r xexx8yu x4uap5 x18d9i69 xkhd6sd x1hl2dhg x16tdsg8 x1vvkbs\"><a class=\"x1i10hfl xjbqb8w x1ejq31n xd10rxx x1sy0etr x17r0tee x972fbf xcfux6l x1qhh985 xm0m39n x9f619 x1ypdohk xt0psk2 xe8uvvx xdj266r x11i5rnm xat24cr x1mh8g0r xexx8yu x4uap5 x18d9i69 xkhd6sd x16tdsg8 x1hl2dhg xggy1nq x1a2a7pz x1sur9pj xkrqix3 x1fey0fg x1s688f\" tabindex=\"0\" role=\"link\" href=\"https:\/\/www.facebook.com\/TenisClubKedzierzynKozle?__cft__[0]=AZU6RdFSfIQDNohIxPj7Kk3aHj2q9XN1YS-shn505780lFZ6Kqx013CW8vehFs8mFSA45ilXj9YFsh9oRj570Gb0TLKrJuBAqdMk7_vpkoHD34UT-ONtv4c_8Jamu7YgTZqiTz99phEROvddwscaqn_6U0xlAHP39V9S2iHc28D9joCD7GRlDlW9VmVtylJUzrY&amp;__tn__=-]K-R\"><span class=\"xt0psk2\"><span class=\"xjp7ctv\"><span aria-describedby=\":r7d:\">Tenis CLUB K\u0119dzierzyn Ko\u017ale<\/span><\/span><\/span><\/a><\/span> <span class=\"html-span xexx8yu x4uap5 x18d9i69 xkhd6sd x1hl2dhg x16tdsg8 x1vvkbs x3nfvp2 x1j61x8r x1fcty0u xdj266r xat24cr xgzva0m xhhsvwb xxymvpz xlup9mm x1kky2od\"><img decoding=\"async\" class=\"xz74otr\" src=\"https:\/\/static.xx.fbcdn.net\/images\/emoji.php\/v9\/t75\/1\/16\/1f618.png\" alt=\"\ud83d\ude18\" width=\"16\" height=\"16\" \/><\/span><\/div>\n<\/div>\n<div class=\"x11i5rnm xat24cr x1mh8g0r x1vvkbs xtlvy1s x126k92a\">\n<div dir=\"auto\">Do zobaczenia na kortach <span class=\"html-span xexx8yu x4uap5 x18d9i69 xkhd6sd x1hl2dhg x16tdsg8 x1vvkbs x3nfvp2 x1j61x8r x1fcty0u xdj266r xat24cr xgzva0m xhhsvwb xxymvpz xlup9mm x1kky2od\"><img decoding=\"async\" class=\"xz74otr\" src=\"https:\/\/static.xx.fbcdn.net\/images\/emoji.php\/v9\/tb7\/1\/16\/1f917.png\" alt=\"\ud83e\udd17\" width=\"16\" height=\"16\" \/><\/span><span class=\"html-span xexx8yu x4uap5 x18d9i69 xkhd6sd x1hl2dhg x16tdsg8 x1vvkbs x3nfvp2 x1j61x8r x1fcty0u xdj266r xat24cr xgzva0m xhhsvwb xxymvpz xlup9mm x1kky2od\"><img loading=\"lazy\" decoding=\"async\" class=\"xz74otr\" src=\"https:\/\/static.xx.fbcdn.net\/images\/emoji.php\/v9\/tac\/1\/16\/2665.png\" alt=\"\u2665\ufe0f\" width=\"16\" height=\"16\" \/><\/span><\/div>\n<\/div>\n","protected":false},"excerpt":{"rendered":"<p>Bezp\u0142atne zaj\u0119cia poprowadzi licencjonowany instruktor tenisa Kacper Mory\u0144 Zapraszamy serdecznie, wszystkie dzieci oraz m\u0142odzie\u017c z naszego miasta, okolic. Tenis CLUB K\u0119dzierzyn Ko\u017ale Do zobaczenia na kortach<\/p>\n","protected":false},"author":2,"featured_media":4235,"comment_status":"closed","ping_status":"closed","sticky":false,"template":"","format":"standard","meta":{"footnotes":""},"categories":[1,29,28],"tags":[],"class_list":["post-4234","post","type-post","status-publish","format-standard","has-post-thumbnail","hentry","category-bez-kategorii","category-glowna","category-hala"],"yoast_head":"<!-- This site is optimized with the Yoast SEO plugin v26.1.1 - https:\/\/yoast.com\/wordpress\/plugins\/seo\/ -->\n<title>Ferie Zimowe 2025 z tenisem w Tenis Club K-Ko\u017ale - K\u0119dzierzy\u0144ski Klub Tenisowy<\/title>\n<meta name=\"robots\" content=\"index, follow, max-snippet:-1, max-image-preview:large, max-video-preview:-1\" \/>\n<link rel=\"canonical\" href=\"https:\/\/kktenis.pl\/kkt\/ferie-zimowe-2025-z-tenisem-w-tenis-club-k-k\/\" \/>\n<meta property=\"og:locale\" content=\"pl_PL\" \/>\n<meta property=\"og:type\" content=\"article\" \/>\n<meta property=\"og:title\" content=\"Ferie Zimowe 2025 z tenisem w Tenis Club K-Ko\u017ale - K\u0119dzierzy\u0144ski Klub Tenisowy\" \/>\n<meta property=\"og:description\" content=\"Bezp\u0142atne zaj\u0119cia poprowadzi licencjonowany instruktor tenisa Kacper Mory\u0144 Zapraszamy serdecznie, wszystkie dzieci oraz m\u0142odzie\u017c z naszego miasta, okolic. Tenis CLUB K\u0119dzierzyn Ko\u017ale Do zobaczenia na kortach\" \/>\n<meta property=\"og:url\" content=\"https:\/\/kktenis.pl\/kkt\/ferie-zimowe-2025-z-tenisem-w-tenis-club-k-k\/\" \/>\n<meta property=\"og:site_name\" content=\"K\u0119dzierzy\u0144ski Klub Tenisowy\" \/>\n<meta property=\"article:publisher\" content=\"https:\/\/www.facebook.com\/TenisClubKedzierzynKozle\/?locale=pl_PL\" \/>\n<meta property=\"article:published_time\" content=\"2025-01-27T11:28:00+00:00\" \/>\n<meta property=\"article:modified_time\" content=\"2025-01-27T11:34:06+00:00\" \/>\n<meta property=\"og:image\" content=\"https:\/\/kktenis.pl\/kkt\/wp-content\/uploads\/2025\/01\/ferie.jpg\" \/>\n\t<meta property=\"og:image:width\" content=\"1000\" \/>\n\t<meta property=\"og:image:height\" content=\"1414\" \/>\n\t<meta property=\"og:image:type\" content=\"image\/jpeg\" \/>\n<meta name=\"author\" content=\"kkt\" \/>\n<meta name=\"twitter:card\" content=\"summary_large_image\" \/>\n<meta name=\"twitter:label1\" content=\"Napisane przez\" \/>\n\t<meta name=\"twitter:data1\" content=\"kkt\" \/>\n\t<meta name=\"twitter:label2\" content=\"Szacowany czas czytania\" \/>\n\t<meta name=\"twitter:data2\" content=\"2 minuty\" \/>\n<script type=\"application\/ld+json\" class=\"yoast-schema-graph\">{\"@context\":\"https:\/\/schema.org\",\"@graph\":[{\"@type\":\"Article\",\"@id\":\"https:\/\/kktenis.pl\/kkt\/ferie-zimowe-2025-z-tenisem-w-tenis-club-k-k\/#article\",\"isPartOf\":{\"@id\":\"https:\/\/kktenis.pl\/kkt\/ferie-zimowe-2025-z-tenisem-w-tenis-club-k-k\/\"},\"author\":{\"name\":\"kkt\",\"@id\":\"https:\/\/kktenis.pl\/kkt\/#\/schema\/person\/2478fd3376f04fece037922b0ec7e812\"},\"headline\":\"Ferie Zimowe 2025 z tenisem w Tenis Club K-Ko\u017ale\",\"datePublished\":\"2025-01-27T11:28:00+00:00\",\"dateModified\":\"2025-01-27T11:34:06+00:00\",\"mainEntityOfPage\":{\"@id\":\"https:\/\/kktenis.pl\/kkt\/ferie-zimowe-2025-z-tenisem-w-tenis-club-k-k\/\"},\"wordCount\":40,\"publisher\":{\"@id\":\"https:\/\/kktenis.pl\/kkt\/#organization\"},\"image\":{\"@id\":\"https:\/\/kktenis.pl\/kkt\/ferie-zimowe-2025-z-tenisem-w-tenis-club-k-k\/#primaryimage\"},\"thumbnailUrl\":\"https:\/\/kktenis.pl\/kkt\/wp-content\/uploads\/2025\/01\/ferie.jpg\",\"articleSection\":{\"1\":\"G\u0142\u00f3wna\",\"2\":\"Hala\"},\"inLanguage\":\"pl-PL\"},{\"@type\":\"WebPage\",\"@id\":\"https:\/\/kktenis.pl\/kkt\/ferie-zimowe-2025-z-tenisem-w-tenis-club-k-k\/\",\"url\":\"https:\/\/kktenis.pl\/kkt\/ferie-zimowe-2025-z-tenisem-w-tenis-club-k-k\/\",\"name\":\"Ferie Zimowe 2025 z tenisem w Tenis Club K-Ko\u017ale - K\u0119dzierzy\u0144ski Klub Tenisowy\",\"isPartOf\":{\"@id\":\"https:\/\/kktenis.pl\/kkt\/#website\"},\"primaryImageOfPage\":{\"@id\":\"https:\/\/kktenis.pl\/kkt\/ferie-zimowe-2025-z-tenisem-w-tenis-club-k-k\/#primaryimage\"},\"image\":{\"@id\":\"https:\/\/kktenis.pl\/kkt\/ferie-zimowe-2025-z-tenisem-w-tenis-club-k-k\/#primaryimage\"},\"thumbnailUrl\":\"https:\/\/kktenis.pl\/kkt\/wp-content\/uploads\/2025\/01\/ferie.jpg\",\"datePublished\":\"2025-01-27T11:28:00+00:00\",\"dateModified\":\"2025-01-27T11:34:06+00:00\",\"breadcrumb\":{\"@id\":\"https:\/\/kktenis.pl\/kkt\/ferie-zimowe-2025-z-tenisem-w-tenis-club-k-k\/#breadcrumb\"},\"inLanguage\":\"pl-PL\",\"potentialAction\":[{\"@type\":\"ReadAction\",\"target\":[\"https:\/\/kktenis.pl\/kkt\/ferie-zimowe-2025-z-tenisem-w-tenis-club-k-k\/\"]}]},{\"@type\":\"ImageObject\",\"inLanguage\":\"pl-PL\",\"@id\":\"https:\/\/kktenis.pl\/kkt\/ferie-zimowe-2025-z-tenisem-w-tenis-club-k-k\/#primaryimage\",\"url\":\"https:\/\/kktenis.pl\/kkt\/wp-content\/uploads\/2025\/01\/ferie.jpg\",\"contentUrl\":\"https:\/\/kktenis.pl\/kkt\/wp-content\/uploads\/2025\/01\/ferie.jpg\",\"width\":1000,\"height\":1414},{\"@type\":\"BreadcrumbList\",\"@id\":\"https:\/\/kktenis.pl\/kkt\/ferie-zimowe-2025-z-tenisem-w-tenis-club-k-k\/#breadcrumb\",\"itemListElement\":[{\"@type\":\"ListItem\",\"position\":1,\"name\":\"Strona g\u0142\u00f3wna\",\"item\":\"https:\/\/kktenis.pl\/kkt\/\"},{\"@type\":\"ListItem\",\"position\":2,\"name\":\"Ferie Zimowe 2025 z tenisem w Tenis Club K-Ko\u017ale\"}]},{\"@type\":\"WebSite\",\"@id\":\"https:\/\/kktenis.pl\/kkt\/#website\",\"url\":\"https:\/\/kktenis.pl\/kkt\/\",\"name\":\"K\u0119dzierzy\u0144ski Klub Tenisowy\",\"description\":\"Sklep - Wz\u00f3r instalacji sklepu\",\"publisher\":{\"@id\":\"https:\/\/kktenis.pl\/kkt\/#organization\"},\"potentialAction\":[{\"@type\":\"SearchAction\",\"target\":{\"@type\":\"EntryPoint\",\"urlTemplate\":\"https:\/\/kktenis.pl\/kkt\/?s={search_term_string}\"},\"query-input\":{\"@type\":\"PropertyValueSpecification\",\"valueRequired\":true,\"valueName\":\"search_term_string\"}}],\"inLanguage\":\"pl-PL\"},{\"@type\":\"Organization\",\"@id\":\"https:\/\/kktenis.pl\/kkt\/#organization\",\"name\":\"K\u0119dzierzy\u0144ski Klub Tenisowy\",\"url\":\"https:\/\/kktenis.pl\/kkt\/\",\"logo\":{\"@type\":\"ImageObject\",\"inLanguage\":\"pl-PL\",\"@id\":\"https:\/\/kktenis.pl\/kkt\/#\/schema\/logo\/image\/\",\"url\":\"https:\/\/kktenis.pl\/kkt\/wp-content\/uploads\/2024\/01\/logo.png\",\"contentUrl\":\"https:\/\/kktenis.pl\/kkt\/wp-content\/uploads\/2024\/01\/logo.png\",\"width\":133,\"height\":65,\"caption\":\"K\u0119dzierzy\u0144ski Klub Tenisowy\"},\"image\":{\"@id\":\"https:\/\/kktenis.pl\/kkt\/#\/schema\/logo\/image\/\"},\"sameAs\":[\"https:\/\/www.facebook.com\/TenisClubKedzierzynKozle\/?locale=pl_PL\"]},{\"@type\":\"Person\",\"@id\":\"https:\/\/kktenis.pl\/kkt\/#\/schema\/person\/2478fd3376f04fece037922b0ec7e812\",\"name\":\"kkt\",\"image\":{\"@type\":\"ImageObject\",\"inLanguage\":\"pl-PL\",\"@id\":\"https:\/\/kktenis.pl\/kkt\/#\/schema\/person\/image\/\",\"url\":\"https:\/\/secure.gravatar.com\/avatar\/0f562dd4bbd0a18917eb83a0e5bb2d83?s=96&d=mm&r=g\",\"contentUrl\":\"https:\/\/secure.gravatar.com\/avatar\/0f562dd4bbd0a18917eb83a0e5bb2d83?s=96&d=mm&r=g\",\"caption\":\"kkt\"},\"url\":\"https:\/\/kktenis.pl\/kkt\/author\/kkt\/\"}]}<\/script>\n<!-- \/ Yoast SEO plugin. -->","yoast_head_json":{"title":"Ferie Zimowe 2025 z tenisem w Tenis Club K-Ko\u017ale - K\u0119dzierzy\u0144ski Klub Tenisowy","robots":{"index":"index","follow":"follow","max-snippet":"max-snippet:-1","max-image-preview":"max-image-preview:large","max-video-preview":"max-video-preview:-1"},"canonical":"https:\/\/kktenis.pl\/kkt\/ferie-zimowe-2025-z-tenisem-w-tenis-club-k-k\/","og_locale":"pl_PL","og_type":"article","og_title":"Ferie Zimowe 2025 z tenisem w Tenis Club K-Ko\u017ale - K\u0119dzierzy\u0144ski Klub Tenisowy","og_description":"Bezp\u0142atne zaj\u0119cia poprowadzi licencjonowany instruktor tenisa Kacper Mory\u0144 Zapraszamy serdecznie, wszystkie dzieci oraz m\u0142odzie\u017c z naszego miasta, okolic. Tenis CLUB K\u0119dzierzyn Ko\u017ale Do zobaczenia na kortach","og_url":"https:\/\/kktenis.pl\/kkt\/ferie-zimowe-2025-z-tenisem-w-tenis-club-k-k\/","og_site_name":"K\u0119dzierzy\u0144ski Klub Tenisowy","article_publisher":"https:\/\/www.facebook.com\/TenisClubKedzierzynKozle\/?locale=pl_PL","article_published_time":"2025-01-27T11:28:00+00:00","article_modified_time":"2025-01-27T11:34:06+00:00","og_image":[{"width":1000,"height":1414,"url":"https:\/\/kktenis.pl\/kkt\/wp-content\/uploads\/2025\/01\/ferie.jpg","type":"image\/jpeg"}],"author":"kkt","twitter_card":"summary_large_image","twitter_misc":{"Napisane przez":"kkt","Szacowany czas czytania":"2 minuty"},"schema":{"@context":"https:\/\/schema.org","@graph":[{"@type":"Article","@id":"https:\/\/kktenis.pl\/kkt\/ferie-zimowe-2025-z-tenisem-w-tenis-club-k-k\/#article","isPartOf":{"@id":"https:\/\/kktenis.pl\/kkt\/ferie-zimowe-2025-z-tenisem-w-tenis-club-k-k\/"},"author":{"name":"kkt","@id":"https:\/\/kktenis.pl\/kkt\/#\/schema\/person\/2478fd3376f04fece037922b0ec7e812"},"headline":"Ferie Zimowe 2025 z tenisem w Tenis Club K-Ko\u017ale","datePublished":"2025-01-27T11:28:00+00:00","dateModified":"2025-01-27T11:34:06+00:00","mainEntityOfPage":{"@id":"https:\/\/kktenis.pl\/kkt\/ferie-zimowe-2025-z-tenisem-w-tenis-club-k-k\/"},"wordCount":40,"publisher":{"@id":"https:\/\/kktenis.pl\/kkt\/#organization"},"image":{"@id":"https:\/\/kktenis.pl\/kkt\/ferie-zimowe-2025-z-tenisem-w-tenis-club-k-k\/#primaryimage"},"thumbnailUrl":"https:\/\/kktenis.pl\/kkt\/wp-content\/uploads\/2025\/01\/ferie.jpg","articleSection":{"1":"G\u0142\u00f3wna","2":"Hala"},"inLanguage":"pl-PL"},{"@type":"WebPage","@id":"https:\/\/kktenis.pl\/kkt\/ferie-zimowe-2025-z-tenisem-w-tenis-club-k-k\/","url":"https:\/\/kktenis.pl\/kkt\/ferie-zimowe-2025-z-tenisem-w-tenis-club-k-k\/","name":"Ferie Zimowe 2025 z tenisem w Tenis Club K-Ko\u017ale - K\u0119dzierzy\u0144ski Klub Tenisowy","isPartOf":{"@id":"https:\/\/kktenis.pl\/kkt\/#website"},"primaryImageOfPage":{"@id":"https:\/\/kktenis.pl\/kkt\/ferie-zimowe-2025-z-tenisem-w-tenis-club-k-k\/#primaryimage"},"image":{"@id":"https:\/\/kktenis.pl\/kkt\/ferie-zimowe-2025-z-tenisem-w-tenis-club-k-k\/#primaryimage"},"thumbnailUrl":"https:\/\/kktenis.pl\/kkt\/wp-content\/uploads\/2025\/01\/ferie.jpg","datePublished":"2025-01-27T11:28:00+00:00","dateModified":"2025-01-27T11:34:06+00:00","breadcrumb":{"@id":"https:\/\/kktenis.pl\/kkt\/ferie-zimowe-2025-z-tenisem-w-tenis-club-k-k\/#breadcrumb"},"inLanguage":"pl-PL","potentialAction":[{"@type":"ReadAction","target":["https:\/\/kktenis.pl\/kkt\/ferie-zimowe-2025-z-tenisem-w-tenis-club-k-k\/"]}]},{"@type":"ImageObject","inLanguage":"pl-PL","@id":"https:\/\/kktenis.pl\/kkt\/ferie-zimowe-2025-z-tenisem-w-tenis-club-k-k\/#primaryimage","url":"https:\/\/kktenis.pl\/kkt\/wp-content\/uploads\/2025\/01\/ferie.jpg","contentUrl":"https:\/\/kktenis.pl\/kkt\/wp-content\/uploads\/2025\/01\/ferie.jpg","width":1000,"height":1414},{"@type":"BreadcrumbList","@id":"https:\/\/kktenis.pl\/kkt\/ferie-zimowe-2025-z-tenisem-w-tenis-club-k-k\/#breadcrumb","itemListElement":[{"@type":"ListItem","position":1,"name":"Strona g\u0142\u00f3wna","item":"https:\/\/kktenis.pl\/kkt\/"},{"@type":"ListItem","position":2,"name":"Ferie Zimowe 2025 z tenisem w Tenis Club K-Ko\u017ale"}]},{"@type":"WebSite","@id":"https:\/\/kktenis.pl\/kkt\/#website","url":"https:\/\/kktenis.pl\/kkt\/","name":"K\u0119dzierzy\u0144ski Klub Tenisowy","description":"Sklep - Wz\u00f3r instalacji sklepu","publisher":{"@id":"https:\/\/kktenis.pl\/kkt\/#organization"},"potentialAction":[{"@type":"SearchAction","target":{"@type":"EntryPoint","urlTemplate":"https:\/\/kktenis.pl\/kkt\/?s={search_term_string}"},"query-input":{"@type":"PropertyValueSpecification","valueRequired":true,"valueName":"search_term_string"}}],"inLanguage":"pl-PL"},{"@type":"Organization","@id":"https:\/\/kktenis.pl\/kkt\/#organization","name":"K\u0119dzierzy\u0144ski Klub Tenisowy","url":"https:\/\/kktenis.pl\/kkt\/","logo":{"@type":"ImageObject","inLanguage":"pl-PL","@id":"https:\/\/kktenis.pl\/kkt\/#\/schema\/logo\/image\/","url":"https:\/\/kktenis.pl\/kkt\/wp-content\/uploads\/2024\/01\/logo.png","contentUrl":"https:\/\/kktenis.pl\/kkt\/wp-content\/uploads\/2024\/01\/logo.png","width":133,"height":65,"caption":"K\u0119dzierzy\u0144ski Klub Tenisowy"},"image":{"@id":"https:\/\/kktenis.pl\/kkt\/#\/schema\/logo\/image\/"},"sameAs":["https:\/\/www.facebook.com\/TenisClubKedzierzynKozle\/?locale=pl_PL"]},{"@type":"Person","@id":"https:\/\/kktenis.pl\/kkt\/#\/schema\/person\/2478fd3376f04fece037922b0ec7e812","name":"kkt","image":{"@type":"ImageObject","inLanguage":"pl-PL","@id":"https:\/\/kktenis.pl\/kkt\/#\/schema\/person\/image\/","url":"https:\/\/secure.gravatar.com\/avatar\/0f562dd4bbd0a18917eb83a0e5bb2d83?s=96&d=mm&r=g","contentUrl":"https:\/\/secure.gravatar.com\/avatar\/0f562dd4bbd0a18917eb83a0e5bb2d83?s=96&d=mm&r=g","caption":"kkt"},"url":"https:\/\/kktenis.pl\/kkt\/author\/kkt\/"}]}},"_links":{"self":[{"href":"https:\/\/kktenis.pl\/kkt\/wp-json\/wp\/v2\/posts\/4234","targetHints":{"allow":["GET"]}}],"collection":[{"href":"https:\/\/kktenis.pl\/kkt\/wp-json\/wp\/v2\/posts"}],"about":[{"href":"https:\/\/kktenis.pl\/kkt\/wp-json\/wp\/v2\/types\/post"}],"author":[{"embeddable":true,"href":"https:\/\/kktenis.pl\/kkt\/wp-json\/wp\/v2\/users\/2"}],"replies":[{"embeddable":true,"href":"https:\/\/kktenis.pl\/kkt\/wp-json\/wp\/v2\/comments?post=4234"}],"version-history":[{"count":3,"href":"https:\/\/kktenis.pl\/kkt\/wp-json\/wp\/v2\/posts\/4234\/revisions"}],"predecessor-version":[{"id":4240,"href":"https:\/\/kktenis.pl\/kkt\/wp-json\/wp\/v2\/posts\/4234\/revisions\/4240"}],"wp:featuredmedia":[{"embeddable":true,"href":"https:\/\/kktenis.pl\/kkt\/wp-json\/wp\/v2\/media\/4235"}],"wp:attachment":[{"href":"https:\/\/kktenis.pl\/kkt\/wp-json\/wp\/v2\/media?parent=4234"}],"wp:term":[{"taxonomy":"category","embeddable":true,"href":"https:\/\/kktenis.pl\/kkt\/wp-json\/wp\/v2\/categories?post=4234"},{"taxonomy":"post_tag","embeddable":true,"href":"https:\/\/kktenis.pl\/kkt\/wp-json\/wp\/v2\/tags?post=4234"}],"curies":[{"name":"wp","href":"https:\/\/api.w.org\/{rel}","templated":true}]}}