{"id":4214,"date":"2024-12-09T16:30:59","date_gmt":"2024-12-09T15:30:59","guid":{"rendered":"https:\/\/kktenis.pl\/kkt\/?p=4214"},"modified":"2024-12-09T16:30:59","modified_gmt":"2024-12-09T15:30:59","slug":"30-lecie-zalozenia-stowarzyszenia-oraz-przystapienia-do-polskiego-zwiazku-tenisowego","status":"publish","type":"post","link":"https:\/\/kktenis.pl\/kkt\/30-lecie-zalozenia-stowarzyszenia-oraz-przystapienia-do-polskiego-zwiazku-tenisowego\/","title":{"rendered":"30-lecie za\u0142o\u017cenia stowarzyszenia oraz przyst\u0105pienia do Polskiego Zwi\u0105zku Tenisowego"},"content":{"rendered":"<p><img fetchpriority=\"high\" decoding=\"async\" class=\"alignleft size-full wp-image-4215\" src=\"https:\/\/kktenis.pl\/kkt\/wp-content\/uploads\/2024\/12\/kkt-30-lat.jpg\" alt=\"\" width=\"318\" height=\"456\" srcset=\"https:\/\/kktenis.pl\/kkt\/wp-content\/uploads\/2024\/12\/kkt-30-lat.jpg 318w, https:\/\/kktenis.pl\/kkt\/wp-content\/uploads\/2024\/12\/kkt-30-lat-209x300.jpg 209w\" sizes=\"(max-width: 318px) 100vw, 318px\" \/><\/p>\n","protected":false},"excerpt":{"rendered":"","protected":false},"author":2,"featured_media":4215,"comment_status":"closed","ping_status":"closed","sticky":false,"template":"","format":"standard","meta":{"footnotes":""},"categories":[29],"tags":[],"class_list":["post-4214","post","type-post","status-publish","format-standard","has-post-thumbnail","hentry","category-glowna"],"yoast_head":"<!-- This site is optimized with the Yoast SEO plugin v26.1.1 - https:\/\/yoast.com\/wordpress\/plugins\/seo\/ -->\n<title>30-lecie za\u0142o\u017cenia stowarzyszenia oraz przyst\u0105pienia do Polskiego Zwi\u0105zku Tenisowego - K\u0119dzierzy\u0144ski Klub Tenisowy<\/title>\n<meta name=\"robots\" content=\"index, follow, max-snippet:-1, max-image-preview:large, max-video-preview:-1\" \/>\n<link rel=\"canonical\" href=\"https:\/\/kktenis.pl\/kkt\/30-lecie-zalozenia-stowarzyszenia-oraz-przystapienia-do-polskiego-zwiazku-tenisowego\/\" \/>\n<meta property=\"og:locale\" content=\"pl_PL\" \/>\n<meta property=\"og:type\" content=\"article\" \/>\n<meta property=\"og:title\" content=\"30-lecie za\u0142o\u017cenia stowarzyszenia oraz przyst\u0105pienia do Polskiego Zwi\u0105zku Tenisowego - K\u0119dzierzy\u0144ski Klub Tenisowy\" \/>\n<meta property=\"og:url\" content=\"https:\/\/kktenis.pl\/kkt\/30-lecie-zalozenia-stowarzyszenia-oraz-przystapienia-do-polskiego-zwiazku-tenisowego\/\" \/>\n<meta property=\"og:site_name\" content=\"K\u0119dzierzy\u0144ski Klub Tenisowy\" \/>\n<meta property=\"article:publisher\" content=\"https:\/\/www.facebook.com\/TenisClubKedzierzynKozle\/?locale=pl_PL\" \/>\n<meta property=\"article:published_time\" content=\"2024-12-09T15:30:59+00:00\" \/>\n<meta property=\"og:image\" content=\"https:\/\/kktenis.pl\/kkt\/wp-content\/uploads\/2024\/12\/kkt-30-lat.jpg\" \/>\n\t<meta property=\"og:image:width\" content=\"318\" \/>\n\t<meta property=\"og:image:height\" content=\"456\" \/>\n\t<meta property=\"og:image:type\" content=\"image\/jpeg\" \/>\n<meta name=\"author\" content=\"kkt\" \/>\n<meta name=\"twitter:card\" content=\"summary_large_image\" \/>\n<meta name=\"twitter:label1\" content=\"Napisane przez\" \/>\n\t<meta name=\"twitter:data1\" content=\"kkt\" \/>\n\t<meta name=\"twitter:label2\" content=\"Szacowany czas czytania\" \/>\n\t<meta name=\"twitter:data2\" content=\"1 minuta\" \/>\n<script type=\"application\/ld+json\" class=\"yoast-schema-graph\">{\"@context\":\"https:\/\/schema.org\",\"@graph\":[{\"@type\":\"Article\",\"@id\":\"https:\/\/kktenis.pl\/kkt\/30-lecie-zalozenia-stowarzyszenia-oraz-przystapienia-do-polskiego-zwiazku-tenisowego\/#article\",\"isPartOf\":{\"@id\":\"https:\/\/kktenis.pl\/kkt\/30-lecie-zalozenia-stowarzyszenia-oraz-przystapienia-do-polskiego-zwiazku-tenisowego\/\"},\"author\":{\"name\":\"kkt\",\"@id\":\"https:\/\/kktenis.pl\/kkt\/#\/schema\/person\/2478fd3376f04fece037922b0ec7e812\"},\"headline\":\"30-lecie za\u0142o\u017cenia stowarzyszenia oraz przyst\u0105pienia do Polskiego Zwi\u0105zku Tenisowego\",\"datePublished\":\"2024-12-09T15:30:59+00:00\",\"mainEntityOfPage\":{\"@id\":\"https:\/\/kktenis.pl\/kkt\/30-lecie-zalozenia-stowarzyszenia-oraz-przystapienia-do-polskiego-zwiazku-tenisowego\/\"},\"wordCount\":13,\"publisher\":{\"@id\":\"https:\/\/kktenis.pl\/kkt\/#organization\"},\"image\":{\"@id\":\"https:\/\/kktenis.pl\/kkt\/30-lecie-zalozenia-stowarzyszenia-oraz-przystapienia-do-polskiego-zwiazku-tenisowego\/#primaryimage\"},\"thumbnailUrl\":\"https:\/\/kktenis.pl\/kkt\/wp-content\/uploads\/2024\/12\/kkt-30-lat.jpg\",\"articleSection\":[\"G\u0142\u00f3wna\"],\"inLanguage\":\"pl-PL\"},{\"@type\":\"WebPage\",\"@id\":\"https:\/\/kktenis.pl\/kkt\/30-lecie-zalozenia-stowarzyszenia-oraz-przystapienia-do-polskiego-zwiazku-tenisowego\/\",\"url\":\"https:\/\/kktenis.pl\/kkt\/30-lecie-zalozenia-stowarzyszenia-oraz-przystapienia-do-polskiego-zwiazku-tenisowego\/\",\"name\":\"30-lecie za\u0142o\u017cenia stowarzyszenia oraz przyst\u0105pienia do Polskiego Zwi\u0105zku Tenisowego - K\u0119dzierzy\u0144ski Klub Tenisowy\",\"isPartOf\":{\"@id\":\"https:\/\/kktenis.pl\/kkt\/#website\"},\"primaryImageOfPage\":{\"@id\":\"https:\/\/kktenis.pl\/kkt\/30-lecie-zalozenia-stowarzyszenia-oraz-przystapienia-do-polskiego-zwiazku-tenisowego\/#primaryimage\"},\"image\":{\"@id\":\"https:\/\/kktenis.pl\/kkt\/30-lecie-zalozenia-stowarzyszenia-oraz-przystapienia-do-polskiego-zwiazku-tenisowego\/#primaryimage\"},\"thumbnailUrl\":\"https:\/\/kktenis.pl\/kkt\/wp-content\/uploads\/2024\/12\/kkt-30-lat.jpg\",\"datePublished\":\"2024-12-09T15:30:59+00:00\",\"breadcrumb\":{\"@id\":\"https:\/\/kktenis.pl\/kkt\/30-lecie-zalozenia-stowarzyszenia-oraz-przystapienia-do-polskiego-zwiazku-tenisowego\/#breadcrumb\"},\"inLanguage\":\"pl-PL\",\"potentialAction\":[{\"@type\":\"ReadAction\",\"target\":[\"https:\/\/kktenis.pl\/kkt\/30-lecie-zalozenia-stowarzyszenia-oraz-przystapienia-do-polskiego-zwiazku-tenisowego\/\"]}]},{\"@type\":\"ImageObject\",\"inLanguage\":\"pl-PL\",\"@id\":\"https:\/\/kktenis.pl\/kkt\/30-lecie-zalozenia-stowarzyszenia-oraz-przystapienia-do-polskiego-zwiazku-tenisowego\/#primaryimage\",\"url\":\"https:\/\/kktenis.pl\/kkt\/wp-content\/uploads\/2024\/12\/kkt-30-lat.jpg\",\"contentUrl\":\"https:\/\/kktenis.pl\/kkt\/wp-content\/uploads\/2024\/12\/kkt-30-lat.jpg\",\"width\":318,\"height\":456},{\"@type\":\"BreadcrumbList\",\"@id\":\"https:\/\/kktenis.pl\/kkt\/30-lecie-zalozenia-stowarzyszenia-oraz-przystapienia-do-polskiego-zwiazku-tenisowego\/#breadcrumb\",\"itemListElement\":[{\"@type\":\"ListItem\",\"position\":1,\"name\":\"Strona g\u0142\u00f3wna\",\"item\":\"https:\/\/kktenis.pl\/kkt\/\"},{\"@type\":\"ListItem\",\"position\":2,\"name\":\"30-lecie za\u0142o\u017cenia stowarzyszenia oraz przyst\u0105pienia do Polskiego Zwi\u0105zku Tenisowego\"}]},{\"@type\":\"WebSite\",\"@id\":\"https:\/\/kktenis.pl\/kkt\/#website\",\"url\":\"https:\/\/kktenis.pl\/kkt\/\",\"name\":\"K\u0119dzierzy\u0144ski Klub Tenisowy\",\"description\":\"Sklep - Wz\u00f3r instalacji sklepu\",\"publisher\":{\"@id\":\"https:\/\/kktenis.pl\/kkt\/#organization\"},\"potentialAction\":[{\"@type\":\"SearchAction\",\"target\":{\"@type\":\"EntryPoint\",\"urlTemplate\":\"https:\/\/kktenis.pl\/kkt\/?s={search_term_string}\"},\"query-input\":{\"@type\":\"PropertyValueSpecification\",\"valueRequired\":true,\"valueName\":\"search_term_string\"}}],\"inLanguage\":\"pl-PL\"},{\"@type\":\"Organization\",\"@id\":\"https:\/\/kktenis.pl\/kkt\/#organization\",\"name\":\"K\u0119dzierzy\u0144ski Klub Tenisowy\",\"url\":\"https:\/\/kktenis.pl\/kkt\/\",\"logo\":{\"@type\":\"ImageObject\",\"inLanguage\":\"pl-PL\",\"@id\":\"https:\/\/kktenis.pl\/kkt\/#\/schema\/logo\/image\/\",\"url\":\"https:\/\/kktenis.pl\/kkt\/wp-content\/uploads\/2024\/01\/logo.png\",\"contentUrl\":\"https:\/\/kktenis.pl\/kkt\/wp-content\/uploads\/2024\/01\/logo.png\",\"width\":133,\"height\":65,\"caption\":\"K\u0119dzierzy\u0144ski Klub Tenisowy\"},\"image\":{\"@id\":\"https:\/\/kktenis.pl\/kkt\/#\/schema\/logo\/image\/\"},\"sameAs\":[\"https:\/\/www.facebook.com\/TenisClubKedzierzynKozle\/?locale=pl_PL\"]},{\"@type\":\"Person\",\"@id\":\"https:\/\/kktenis.pl\/kkt\/#\/schema\/person\/2478fd3376f04fece037922b0ec7e812\",\"name\":\"kkt\",\"image\":{\"@type\":\"ImageObject\",\"inLanguage\":\"pl-PL\",\"@id\":\"https:\/\/kktenis.pl\/kkt\/#\/schema\/person\/image\/\",\"url\":\"https:\/\/secure.gravatar.com\/avatar\/0f562dd4bbd0a18917eb83a0e5bb2d83?s=96&d=mm&r=g\",\"contentUrl\":\"https:\/\/secure.gravatar.com\/avatar\/0f562dd4bbd0a18917eb83a0e5bb2d83?s=96&d=mm&r=g\",\"caption\":\"kkt\"},\"url\":\"https:\/\/kktenis.pl\/kkt\/author\/kkt\/\"}]}<\/script>\n<!-- \/ Yoast SEO plugin. -->","yoast_head_json":{"title":"30-lecie za\u0142o\u017cenia stowarzyszenia oraz przyst\u0105pienia do Polskiego Zwi\u0105zku Tenisowego - K\u0119dzierzy\u0144ski Klub Tenisowy","robots":{"index":"index","follow":"follow","max-snippet":"max-snippet:-1","max-image-preview":"max-image-preview:large","max-video-preview":"max-video-preview:-1"},"canonical":"https:\/\/kktenis.pl\/kkt\/30-lecie-zalozenia-stowarzyszenia-oraz-przystapienia-do-polskiego-zwiazku-tenisowego\/","og_locale":"pl_PL","og_type":"article","og_title":"30-lecie za\u0142o\u017cenia stowarzyszenia oraz przyst\u0105pienia do Polskiego Zwi\u0105zku Tenisowego - K\u0119dzierzy\u0144ski Klub Tenisowy","og_url":"https:\/\/kktenis.pl\/kkt\/30-lecie-zalozenia-stowarzyszenia-oraz-przystapienia-do-polskiego-zwiazku-tenisowego\/","og_site_name":"K\u0119dzierzy\u0144ski Klub Tenisowy","article_publisher":"https:\/\/www.facebook.com\/TenisClubKedzierzynKozle\/?locale=pl_PL","article_published_time":"2024-12-09T15:30:59+00:00","og_image":[{"width":318,"height":456,"url":"https:\/\/kktenis.pl\/kkt\/wp-content\/uploads\/2024\/12\/kkt-30-lat.jpg","type":"image\/jpeg"}],"author":"kkt","twitter_card":"summary_large_image","twitter_misc":{"Napisane przez":"kkt","Szacowany czas czytania":"1 minuta"},"schema":{"@context":"https:\/\/schema.org","@graph":[{"@type":"Article","@id":"https:\/\/kktenis.pl\/kkt\/30-lecie-zalozenia-stowarzyszenia-oraz-przystapienia-do-polskiego-zwiazku-tenisowego\/#article","isPartOf":{"@id":"https:\/\/kktenis.pl\/kkt\/30-lecie-zalozenia-stowarzyszenia-oraz-przystapienia-do-polskiego-zwiazku-tenisowego\/"},"author":{"name":"kkt","@id":"https:\/\/kktenis.pl\/kkt\/#\/schema\/person\/2478fd3376f04fece037922b0ec7e812"},"headline":"30-lecie za\u0142o\u017cenia stowarzyszenia oraz przyst\u0105pienia do Polskiego Zwi\u0105zku Tenisowego","datePublished":"2024-12-09T15:30:59+00:00","mainEntityOfPage":{"@id":"https:\/\/kktenis.pl\/kkt\/30-lecie-zalozenia-stowarzyszenia-oraz-przystapienia-do-polskiego-zwiazku-tenisowego\/"},"wordCount":13,"publisher":{"@id":"https:\/\/kktenis.pl\/kkt\/#organization"},"image":{"@id":"https:\/\/kktenis.pl\/kkt\/30-lecie-zalozenia-stowarzyszenia-oraz-przystapienia-do-polskiego-zwiazku-tenisowego\/#primaryimage"},"thumbnailUrl":"https:\/\/kktenis.pl\/kkt\/wp-content\/uploads\/2024\/12\/kkt-30-lat.jpg","articleSection":["G\u0142\u00f3wna"],"inLanguage":"pl-PL"},{"@type":"WebPage","@id":"https:\/\/kktenis.pl\/kkt\/30-lecie-zalozenia-stowarzyszenia-oraz-przystapienia-do-polskiego-zwiazku-tenisowego\/","url":"https:\/\/kktenis.pl\/kkt\/30-lecie-zalozenia-stowarzyszenia-oraz-przystapienia-do-polskiego-zwiazku-tenisowego\/","name":"30-lecie za\u0142o\u017cenia stowarzyszenia oraz przyst\u0105pienia do Polskiego Zwi\u0105zku Tenisowego - K\u0119dzierzy\u0144ski Klub Tenisowy","isPartOf":{"@id":"https:\/\/kktenis.pl\/kkt\/#website"},"primaryImageOfPage":{"@id":"https:\/\/kktenis.pl\/kkt\/30-lecie-zalozenia-stowarzyszenia-oraz-przystapienia-do-polskiego-zwiazku-tenisowego\/#primaryimage"},"image":{"@id":"https:\/\/kktenis.pl\/kkt\/30-lecie-zalozenia-stowarzyszenia-oraz-przystapienia-do-polskiego-zwiazku-tenisowego\/#primaryimage"},"thumbnailUrl":"https:\/\/kktenis.pl\/kkt\/wp-content\/uploads\/2024\/12\/kkt-30-lat.jpg","datePublished":"2024-12-09T15:30:59+00:00","breadcrumb":{"@id":"https:\/\/kktenis.pl\/kkt\/30-lecie-zalozenia-stowarzyszenia-oraz-przystapienia-do-polskiego-zwiazku-tenisowego\/#breadcrumb"},"inLanguage":"pl-PL","potentialAction":[{"@type":"ReadAction","target":["https:\/\/kktenis.pl\/kkt\/30-lecie-zalozenia-stowarzyszenia-oraz-przystapienia-do-polskiego-zwiazku-tenisowego\/"]}]},{"@type":"ImageObject","inLanguage":"pl-PL","@id":"https:\/\/kktenis.pl\/kkt\/30-lecie-zalozenia-stowarzyszenia-oraz-przystapienia-do-polskiego-zwiazku-tenisowego\/#primaryimage","url":"https:\/\/kktenis.pl\/kkt\/wp-content\/uploads\/2024\/12\/kkt-30-lat.jpg","contentUrl":"https:\/\/kktenis.pl\/kkt\/wp-content\/uploads\/2024\/12\/kkt-30-lat.jpg","width":318,"height":456},{"@type":"BreadcrumbList","@id":"https:\/\/kktenis.pl\/kkt\/30-lecie-zalozenia-stowarzyszenia-oraz-przystapienia-do-polskiego-zwiazku-tenisowego\/#breadcrumb","itemListElement":[{"@type":"ListItem","position":1,"name":"Strona g\u0142\u00f3wna","item":"https:\/\/kktenis.pl\/kkt\/"},{"@type":"ListItem","position":2,"name":"30-lecie za\u0142o\u017cenia stowarzyszenia oraz przyst\u0105pienia do Polskiego Zwi\u0105zku Tenisowego"}]},{"@type":"WebSite","@id":"https:\/\/kktenis.pl\/kkt\/#website","url":"https:\/\/kktenis.pl\/kkt\/","name":"K\u0119dzierzy\u0144ski Klub Tenisowy","description":"Sklep - Wz\u00f3r instalacji sklepu","publisher":{"@id":"https:\/\/kktenis.pl\/kkt\/#organization"},"potentialAction":[{"@type":"SearchAction","target":{"@type":"EntryPoint","urlTemplate":"https:\/\/kktenis.pl\/kkt\/?s={search_term_string}"},"query-input":{"@type":"PropertyValueSpecification","valueRequired":true,"valueName":"search_term_string"}}],"inLanguage":"pl-PL"},{"@type":"Organization","@id":"https:\/\/kktenis.pl\/kkt\/#organization","name":"K\u0119dzierzy\u0144ski Klub Tenisowy","url":"https:\/\/kktenis.pl\/kkt\/","logo":{"@type":"ImageObject","inLanguage":"pl-PL","@id":"https:\/\/kktenis.pl\/kkt\/#\/schema\/logo\/image\/","url":"https:\/\/kktenis.pl\/kkt\/wp-content\/uploads\/2024\/01\/logo.png","contentUrl":"https:\/\/kktenis.pl\/kkt\/wp-content\/uploads\/2024\/01\/logo.png","width":133,"height":65,"caption":"K\u0119dzierzy\u0144ski Klub Tenisowy"},"image":{"@id":"https:\/\/kktenis.pl\/kkt\/#\/schema\/logo\/image\/"},"sameAs":["https:\/\/www.facebook.com\/TenisClubKedzierzynKozle\/?locale=pl_PL"]},{"@type":"Person","@id":"https:\/\/kktenis.pl\/kkt\/#\/schema\/person\/2478fd3376f04fece037922b0ec7e812","name":"kkt","image":{"@type":"ImageObject","inLanguage":"pl-PL","@id":"https:\/\/kktenis.pl\/kkt\/#\/schema\/person\/image\/","url":"https:\/\/secure.gravatar.com\/avatar\/0f562dd4bbd0a18917eb83a0e5bb2d83?s=96&d=mm&r=g","contentUrl":"https:\/\/secure.gravatar.com\/avatar\/0f562dd4bbd0a18917eb83a0e5bb2d83?s=96&d=mm&r=g","caption":"kkt"},"url":"https:\/\/kktenis.pl\/kkt\/author\/kkt\/"}]}},"_links":{"self":[{"href":"https:\/\/kktenis.pl\/kkt\/wp-json\/wp\/v2\/posts\/4214","targetHints":{"allow":["GET"]}}],"collection":[{"href":"https:\/\/kktenis.pl\/kkt\/wp-json\/wp\/v2\/posts"}],"about":[{"href":"https:\/\/kktenis.pl\/kkt\/wp-json\/wp\/v2\/types\/post"}],"author":[{"embeddable":true,"href":"https:\/\/kktenis.pl\/kkt\/wp-json\/wp\/v2\/users\/2"}],"replies":[{"embeddable":true,"href":"https:\/\/kktenis.pl\/kkt\/wp-json\/wp\/v2\/comments?post=4214"}],"version-history":[{"count":1,"href":"https:\/\/kktenis.pl\/kkt\/wp-json\/wp\/v2\/posts\/4214\/revisions"}],"predecessor-version":[{"id":4216,"href":"https:\/\/kktenis.pl\/kkt\/wp-json\/wp\/v2\/posts\/4214\/revisions\/4216"}],"wp:featuredmedia":[{"embeddable":true,"href":"https:\/\/kktenis.pl\/kkt\/wp-json\/wp\/v2\/media\/4215"}],"wp:attachment":[{"href":"https:\/\/kktenis.pl\/kkt\/wp-json\/wp\/v2\/media?parent=4214"}],"wp:term":[{"taxonomy":"category","embeddable":true,"href":"https:\/\/kktenis.pl\/kkt\/wp-json\/wp\/v2\/categories?post=4214"},{"taxonomy":"post_tag","embeddable":true,"href":"https:\/\/kktenis.pl\/kkt\/wp-json\/wp\/v2\/tags?post=4214"}],"curies":[{"name":"wp","href":"https:\/\/api.w.org\/{rel}","templated":true}]}}