{"id":3618,"date":"2016-07-12T00:07:52","date_gmt":"2016-07-11T22:07:52","guid":{"rendered":"https:\/\/kktenis.pl\/kkt\/lato-2016-fotorelacja-oraz-wstepne-wyniki-z-iii-turnieju\/"},"modified":"2024-01-19T10:01:06","modified_gmt":"2024-01-19T09:01:06","slug":"lato-2016-fotorelacja-oraz-wstepne-wyniki-z-iii-turnieju","status":"publish","type":"post","link":"https:\/\/kktenis.pl\/kkt\/lato-2016-fotorelacja-oraz-wstepne-wyniki-z-iii-turnieju\/","title":{"rendered":"LATO 2016 &#8211; cykl turniej\u00f3w dla Pan\u00f3w &#8211; FOTORELACJA oraz WYNIKI z III turnieju"},"content":{"rendered":"<p>FOTORELACJA oraz WYNIKI z III turnieju LATO 2016.<br \/>W turnieju wyst\u0105pi\u0142o 20 zawodnik\u00f3w. W kategorii do lat 45 mecz fina\u0142owy rozegrali Panowie Zbigniew Duchnowicz oraz Adam Lichosik, zako\u0144czy\u0142 si\u0119 on wynikiem; 6:7 (7), 6:4, 6:2.<br \/>Mecz fina\u0142owy w kategorii 45+ \u00a0nie zosta\u0142 rozegrany z powodu kontuzji zawodnika.<br \/>WYNIKI &#8211; kategoria do 45 lat<br \/>Miejsce I Z.Duchnowicz 18 pkt<br \/>Miejsce II A.Lichosik 15 pkt<br \/>Miejsce III S.Kruszelnicki 12pkt<br \/>G.Kosztowniak 9pkt<br \/>P.Jung 6pkt<br \/>A.Jasiowka 5pkt<br \/>S.Ciuru\u015b 3pkt<br \/>A.Macha 2pkt<br \/>P.Soja 1pkt.<br \/>WYNIKI &#8211; kategoria 45+<br \/>I miejsce A. Szafarczyk 22pkt<br \/>II miejsce M. Stochaj 18pkt<br \/>III miejsce A. Szewczyk 15pkt<br \/>P. B\u0119bas 12pkt<br \/>Z. W\u0119g\u0142owski 10pkt<br \/>J. Nossek 8pkt<br \/>P.Szo\u0142tysek 6pkt<br \/>T. Hatalski 4pkt<br \/>W.Turczyniewicz 3pkt<br \/>K. Zajdel 2pkt<br \/>S. Mazur 1pkt<br \/>Zwyci\u0119\u017ccom oraz wszystkim uczestnikom turnieju serdecznie GRATULUJEMY! Zapraszamy na kolejny turniej z cyklu LATO 2016, kt\u00f3ry odb\u0119dzie si\u0119 w sobot\u0119 06 sierpienia.<br \/>DZI\u0118KUJEMY!<\/p>\n<p><img fetchpriority=\"high\" decoding=\"async\" class=\" size-full wp-image-426\" src=\"https:\/\/apbrzozowskiego.pl\/wordpress\/wp-content\/uploads\/2016\/07\/DSC_0206.JPG\" alt=\"DSC 0206\" width=\"420\" height=\"280\" \/><\/p>\n<p><img decoding=\"async\" class=\" size-full wp-image-427\" src=\"https:\/\/apbrzozowskiego.pl\/wordpress\/wp-content\/uploads\/2016\/07\/DSC_0194.JPG\" alt=\"DSC 0194\" width=\"420\" height=\"280\" \/><\/p>\n<p><!--more--><\/p>\n<p><img decoding=\"async\" class=\" size-full wp-image-428\" src=\"https:\/\/apbrzozowskiego.pl\/wordpress\/wp-content\/uploads\/2016\/07\/DSC_0222.JPG\" alt=\"DSC 0222\" width=\"420\" height=\"280\" \/><\/p>\n<p><img loading=\"lazy\" decoding=\"async\" class=\" size-full wp-image-429\" src=\"https:\/\/apbrzozowskiego.pl\/wordpress\/wp-content\/uploads\/2016\/07\/DSC_0218.JPG\" alt=\"DSC 0218\" width=\"420\" height=\"280\" \/><\/p>\n<p><img loading=\"lazy\" decoding=\"async\" class=\" size-full wp-image-430\" src=\"https:\/\/apbrzozowskiego.pl\/wordpress\/wp-content\/uploads\/2016\/07\/DSC_0227.JPG\" alt=\"DSC 0227\" width=\"420\" height=\"280\" \/><\/p>\n<p><img loading=\"lazy\" decoding=\"async\" class=\" size-full wp-image-431\" src=\"https:\/\/apbrzozowskiego.pl\/wordpress\/wp-content\/uploads\/2016\/07\/DSC_0116.JPG\" alt=\"DSC 0116\" width=\"420\" height=\"280\" \/><\/p>\n<p><img loading=\"lazy\" decoding=\"async\" class=\" size-full wp-image-432\" src=\"https:\/\/apbrzozowskiego.pl\/wordpress\/wp-content\/uploads\/2016\/07\/DSC_0118.JPG\" alt=\"DSC 0118\" width=\"420\" height=\"280\" \/><\/p>\n<p><img loading=\"lazy\" decoding=\"async\" class=\" size-full wp-image-433\" src=\"https:\/\/apbrzozowskiego.pl\/wordpress\/wp-content\/uploads\/2016\/07\/DSC_0119.JPG\" alt=\"DSC 0119\" width=\"420\" height=\"280\" \/><\/p>\n<p><img loading=\"lazy\" decoding=\"async\" class=\" size-full wp-image-434\" src=\"https:\/\/apbrzozowskiego.pl\/wordpress\/wp-content\/uploads\/2016\/07\/DSC_0125.JPG\" alt=\"DSC 0125\" width=\"420\" height=\"280\" \/><\/p>\n<p><img loading=\"lazy\" decoding=\"async\" class=\" size-full wp-image-435\" src=\"https:\/\/apbrzozowskiego.pl\/wordpress\/wp-content\/uploads\/2016\/07\/DSC_0126.JPG\" alt=\"DSC 0126\" width=\"420\" height=\"280\" \/><\/p>\n<p><img loading=\"lazy\" decoding=\"async\" class=\" size-full wp-image-436\" src=\"https:\/\/apbrzozowskiego.pl\/wordpress\/wp-content\/uploads\/2016\/07\/DSC_0129.JPG\" alt=\"DSC 0129\" width=\"420\" height=\"280\" \/><\/p>\n<p><img loading=\"lazy\" decoding=\"async\" class=\" size-full wp-image-437\" src=\"https:\/\/apbrzozowskiego.pl\/wordpress\/wp-content\/uploads\/2016\/07\/DSC_0133.JPG\" alt=\"DSC 0133\" width=\"420\" height=\"280\" \/><\/p>\n<p><img loading=\"lazy\" decoding=\"async\" class=\" size-full wp-image-438\" src=\"https:\/\/apbrzozowskiego.pl\/wordpress\/wp-content\/uploads\/2016\/07\/DSC_0143.JPG\" alt=\"DSC 0143\" width=\"320\" height=\"480\" \/><\/p>\n<p><img loading=\"lazy\" decoding=\"async\" class=\" size-full wp-image-439\" src=\"https:\/\/apbrzozowskiego.pl\/wordpress\/wp-content\/uploads\/2016\/07\/DSC_0155.JPG\" alt=\"DSC 0155\" width=\"420\" height=\"280\" \/><\/p>\n<p><img loading=\"lazy\" decoding=\"async\" class=\" size-full wp-image-440\" src=\"https:\/\/apbrzozowskiego.pl\/wordpress\/wp-content\/uploads\/2016\/07\/DSC_0157.JPG\" alt=\"DSC 0157\" width=\"420\" height=\"280\" \/><\/p>\n<p><img loading=\"lazy\" decoding=\"async\" class=\" size-full wp-image-441\" src=\"https:\/\/apbrzozowskiego.pl\/wordpress\/wp-content\/uploads\/2016\/07\/DSC_0159.JPG\" alt=\"DSC 0159\" width=\"420\" height=\"629\" \/><\/p>\n<p><img loading=\"lazy\" decoding=\"async\" class=\" size-full wp-image-442\" src=\"https:\/\/apbrzozowskiego.pl\/wordpress\/wp-content\/uploads\/2016\/07\/DSC_0171.JPG\" alt=\"DSC 0171\" width=\"420\" height=\"280\" \/><\/p>\n<p><img loading=\"lazy\" decoding=\"async\" class=\" size-full wp-image-443\" src=\"https:\/\/apbrzozowskiego.pl\/wordpress\/wp-content\/uploads\/2016\/07\/DSC_0517.JPG\" alt=\"DSC 0517\" width=\"420\" height=\"746\" \/><\/p>\n<p><img loading=\"lazy\" decoding=\"async\" class=\" size-full wp-image-444\" src=\"https:\/\/apbrzozowskiego.pl\/wordpress\/wp-content\/uploads\/2016\/07\/DSC_0516.JPG\" alt=\"DSC 0516\" width=\"420\" height=\"746\" \/><\/p>\n<p>\u00a0<\/p>\n","protected":false},"excerpt":{"rendered":"<p>FOTORELACJA oraz WYNIKI z III turnieju LATO 2016.W turnieju wyst\u0105pi\u0142o 20 zawodnik\u00f3w. W kategorii do lat 45 mecz fina\u0142owy rozegrali Panowie Zbigniew Duchnowicz oraz Adam Lichosik, zako\u0144czy\u0142 si\u0119 on wynikiem; 6:7 (7), 6:4, 6:2.Mecz fina\u0142owy w kategorii 45+ \u00a0nie zosta\u0142 rozegrany z powodu kontuzji zawodnika.WYNIKI &#8211; kategoria do 45 latMiejsce I Z.Duchnowicz 18 pktMiejsce II [&hellip;]<\/p>\n","protected":false},"author":1,"featured_media":3619,"comment_status":"closed","ping_status":"closed","sticky":false,"template":"","format":"standard","meta":{"footnotes":""},"categories":[27],"tags":[33],"class_list":["post-3618","post","type-post","status-publish","format-standard","has-post-thumbnail","hentry","category-turnieje","tag-taxonomy-post_tag"],"yoast_head":"<!-- This site is optimized with the Yoast SEO plugin v26.1.1 - https:\/\/yoast.com\/wordpress\/plugins\/seo\/ -->\n<title>LATO 2016 - cykl turniej\u00f3w dla Pan\u00f3w - FOTORELACJA oraz WYNIKI z III turnieju - K\u0119dzierzy\u0144ski Klub Tenisowy<\/title>\n<meta name=\"robots\" content=\"index, follow, max-snippet:-1, max-image-preview:large, max-video-preview:-1\" \/>\n<link rel=\"canonical\" href=\"https:\/\/kktenis.pl\/kkt\/lato-2016-fotorelacja-oraz-wstepne-wyniki-z-iii-turnieju\/\" \/>\n<meta property=\"og:locale\" content=\"pl_PL\" \/>\n<meta property=\"og:type\" content=\"article\" \/>\n<meta property=\"og:title\" content=\"LATO 2016 - cykl turniej\u00f3w dla Pan\u00f3w - FOTORELACJA oraz WYNIKI z III turnieju - K\u0119dzierzy\u0144ski Klub Tenisowy\" \/>\n<meta property=\"og:description\" content=\"FOTORELACJA oraz WYNIKI z III turnieju LATO 2016.W turnieju wyst\u0105pi\u0142o 20 zawodnik\u00f3w. W kategorii do lat 45 mecz fina\u0142owy rozegrali Panowie Zbigniew Duchnowicz oraz Adam Lichosik, zako\u0144czy\u0142 si\u0119 on wynikiem; 6:7 (7), 6:4, 6:2.Mecz fina\u0142owy w kategorii 45+ \u00a0nie zosta\u0142 rozegrany z powodu kontuzji zawodnika.WYNIKI &#8211; kategoria do 45 latMiejsce I Z.Duchnowicz 18 pktMiejsce II [&hellip;]\" \/>\n<meta property=\"og:url\" content=\"https:\/\/kktenis.pl\/kkt\/lato-2016-fotorelacja-oraz-wstepne-wyniki-z-iii-turnieju\/\" \/>\n<meta property=\"og:site_name\" content=\"K\u0119dzierzy\u0144ski Klub Tenisowy\" \/>\n<meta property=\"article:publisher\" content=\"https:\/\/www.facebook.com\/TenisClubKedzierzynKozle\/?locale=pl_PL\" \/>\n<meta property=\"article:published_time\" content=\"2016-07-11T22:07:52+00:00\" \/>\n<meta property=\"article:modified_time\" content=\"2024-01-19T09:01:06+00:00\" \/>\n<meta property=\"og:image\" content=\"https:\/\/kktenis.pl\/kkt\/wp-content\/uploads\/2024\/01\/DSC_0206-3.JPG\" \/>\n\t<meta property=\"og:image:width\" content=\"420\" \/>\n\t<meta property=\"og:image:height\" content=\"280\" \/>\n\t<meta property=\"og:image:type\" content=\"image\/jpeg\" \/>\n<meta name=\"author\" content=\"admin\" \/>\n<meta name=\"twitter:card\" content=\"summary_large_image\" \/>\n<meta name=\"twitter:label1\" content=\"Napisane przez\" \/>\n\t<meta name=\"twitter:data1\" content=\"admin\" \/>\n\t<meta name=\"twitter:label2\" content=\"Szacowany czas czytania\" \/>\n\t<meta name=\"twitter:data2\" content=\"1 minuta\" \/>\n<script type=\"application\/ld+json\" class=\"yoast-schema-graph\">{\"@context\":\"https:\/\/schema.org\",\"@graph\":[{\"@type\":\"Article\",\"@id\":\"https:\/\/kktenis.pl\/kkt\/lato-2016-fotorelacja-oraz-wstepne-wyniki-z-iii-turnieju\/#article\",\"isPartOf\":{\"@id\":\"https:\/\/kktenis.pl\/kkt\/lato-2016-fotorelacja-oraz-wstepne-wyniki-z-iii-turnieju\/\"},\"author\":{\"name\":\"admin\",\"@id\":\"https:\/\/kktenis.pl\/kkt\/#\/schema\/person\/bd6440441f5e0b23af8b4a6ee381662a\"},\"headline\":\"LATO 2016 &#8211; cykl turniej\u00f3w dla Pan\u00f3w &#8211; FOTORELACJA oraz WYNIKI z III turnieju\",\"datePublished\":\"2016-07-11T22:07:52+00:00\",\"dateModified\":\"2024-01-19T09:01:06+00:00\",\"mainEntityOfPage\":{\"@id\":\"https:\/\/kktenis.pl\/kkt\/lato-2016-fotorelacja-oraz-wstepne-wyniki-z-iii-turnieju\/\"},\"wordCount\":149,\"publisher\":{\"@id\":\"https:\/\/kktenis.pl\/kkt\/#organization\"},\"image\":{\"@id\":\"https:\/\/kktenis.pl\/kkt\/lato-2016-fotorelacja-oraz-wstepne-wyniki-z-iii-turnieju\/#primaryimage\"},\"thumbnailUrl\":\"https:\/\/kktenis.pl\/kkt\/wp-content\/uploads\/2024\/01\/DSC_0206-3.JPG\",\"keywords\":[\"{Taxonomy: post_tag}\"],\"articleSection\":[\"Turnieje\"],\"inLanguage\":\"pl-PL\"},{\"@type\":\"WebPage\",\"@id\":\"https:\/\/kktenis.pl\/kkt\/lato-2016-fotorelacja-oraz-wstepne-wyniki-z-iii-turnieju\/\",\"url\":\"https:\/\/kktenis.pl\/kkt\/lato-2016-fotorelacja-oraz-wstepne-wyniki-z-iii-turnieju\/\",\"name\":\"LATO 2016 - cykl turniej\u00f3w dla Pan\u00f3w - FOTORELACJA oraz WYNIKI z III turnieju - K\u0119dzierzy\u0144ski Klub Tenisowy\",\"isPartOf\":{\"@id\":\"https:\/\/kktenis.pl\/kkt\/#website\"},\"primaryImageOfPage\":{\"@id\":\"https:\/\/kktenis.pl\/kkt\/lato-2016-fotorelacja-oraz-wstepne-wyniki-z-iii-turnieju\/#primaryimage\"},\"image\":{\"@id\":\"https:\/\/kktenis.pl\/kkt\/lato-2016-fotorelacja-oraz-wstepne-wyniki-z-iii-turnieju\/#primaryimage\"},\"thumbnailUrl\":\"https:\/\/kktenis.pl\/kkt\/wp-content\/uploads\/2024\/01\/DSC_0206-3.JPG\",\"datePublished\":\"2016-07-11T22:07:52+00:00\",\"dateModified\":\"2024-01-19T09:01:06+00:00\",\"breadcrumb\":{\"@id\":\"https:\/\/kktenis.pl\/kkt\/lato-2016-fotorelacja-oraz-wstepne-wyniki-z-iii-turnieju\/#breadcrumb\"},\"inLanguage\":\"pl-PL\",\"potentialAction\":[{\"@type\":\"ReadAction\",\"target\":[\"https:\/\/kktenis.pl\/kkt\/lato-2016-fotorelacja-oraz-wstepne-wyniki-z-iii-turnieju\/\"]}]},{\"@type\":\"ImageObject\",\"inLanguage\":\"pl-PL\",\"@id\":\"https:\/\/kktenis.pl\/kkt\/lato-2016-fotorelacja-oraz-wstepne-wyniki-z-iii-turnieju\/#primaryimage\",\"url\":\"https:\/\/kktenis.pl\/kkt\/wp-content\/uploads\/2024\/01\/DSC_0206-3.JPG\",\"contentUrl\":\"https:\/\/kktenis.pl\/kkt\/wp-content\/uploads\/2024\/01\/DSC_0206-3.JPG\",\"width\":420,\"height\":280},{\"@type\":\"BreadcrumbList\",\"@id\":\"https:\/\/kktenis.pl\/kkt\/lato-2016-fotorelacja-oraz-wstepne-wyniki-z-iii-turnieju\/#breadcrumb\",\"itemListElement\":[{\"@type\":\"ListItem\",\"position\":1,\"name\":\"Strona g\u0142\u00f3wna\",\"item\":\"https:\/\/kktenis.pl\/kkt\/\"},{\"@type\":\"ListItem\",\"position\":2,\"name\":\"LATO 2016 &#8211; cykl turniej\u00f3w dla Pan\u00f3w &#8211; FOTORELACJA oraz WYNIKI z III turnieju\"}]},{\"@type\":\"WebSite\",\"@id\":\"https:\/\/kktenis.pl\/kkt\/#website\",\"url\":\"https:\/\/kktenis.pl\/kkt\/\",\"name\":\"K\u0119dzierzy\u0144ski Klub Tenisowy\",\"description\":\"Sklep - Wz\u00f3r instalacji sklepu\",\"publisher\":{\"@id\":\"https:\/\/kktenis.pl\/kkt\/#organization\"},\"potentialAction\":[{\"@type\":\"SearchAction\",\"target\":{\"@type\":\"EntryPoint\",\"urlTemplate\":\"https:\/\/kktenis.pl\/kkt\/?s={search_term_string}\"},\"query-input\":{\"@type\":\"PropertyValueSpecification\",\"valueRequired\":true,\"valueName\":\"search_term_string\"}}],\"inLanguage\":\"pl-PL\"},{\"@type\":\"Organization\",\"@id\":\"https:\/\/kktenis.pl\/kkt\/#organization\",\"name\":\"K\u0119dzierzy\u0144ski Klub Tenisowy\",\"url\":\"https:\/\/kktenis.pl\/kkt\/\",\"logo\":{\"@type\":\"ImageObject\",\"inLanguage\":\"pl-PL\",\"@id\":\"https:\/\/kktenis.pl\/kkt\/#\/schema\/logo\/image\/\",\"url\":\"https:\/\/kktenis.pl\/kkt\/wp-content\/uploads\/2024\/01\/logo.png\",\"contentUrl\":\"https:\/\/kktenis.pl\/kkt\/wp-content\/uploads\/2024\/01\/logo.png\",\"width\":133,\"height\":65,\"caption\":\"K\u0119dzierzy\u0144ski Klub Tenisowy\"},\"image\":{\"@id\":\"https:\/\/kktenis.pl\/kkt\/#\/schema\/logo\/image\/\"},\"sameAs\":[\"https:\/\/www.facebook.com\/TenisClubKedzierzynKozle\/?locale=pl_PL\"]},{\"@type\":\"Person\",\"@id\":\"https:\/\/kktenis.pl\/kkt\/#\/schema\/person\/bd6440441f5e0b23af8b4a6ee381662a\",\"name\":\"admin\",\"image\":{\"@type\":\"ImageObject\",\"inLanguage\":\"pl-PL\",\"@id\":\"https:\/\/kktenis.pl\/kkt\/#\/schema\/person\/image\/\",\"url\":\"https:\/\/secure.gravatar.com\/avatar\/6bcf2e82eaa35bbe6b20f786a9dd443d?s=96&d=mm&r=g\",\"contentUrl\":\"https:\/\/secure.gravatar.com\/avatar\/6bcf2e82eaa35bbe6b20f786a9dd443d?s=96&d=mm&r=g\",\"caption\":\"admin\"},\"sameAs\":[\"https:\/\/kktenis.pl\/kkt\"],\"url\":\"https:\/\/kktenis.pl\/kkt\/author\/admin\/\"}]}<\/script>\n<!-- \/ Yoast SEO plugin. -->","yoast_head_json":{"title":"LATO 2016 - cykl turniej\u00f3w dla Pan\u00f3w - FOTORELACJA oraz WYNIKI z III turnieju - K\u0119dzierzy\u0144ski Klub Tenisowy","robots":{"index":"index","follow":"follow","max-snippet":"max-snippet:-1","max-image-preview":"max-image-preview:large","max-video-preview":"max-video-preview:-1"},"canonical":"https:\/\/kktenis.pl\/kkt\/lato-2016-fotorelacja-oraz-wstepne-wyniki-z-iii-turnieju\/","og_locale":"pl_PL","og_type":"article","og_title":"LATO 2016 - cykl turniej\u00f3w dla Pan\u00f3w - FOTORELACJA oraz WYNIKI z III turnieju - K\u0119dzierzy\u0144ski Klub Tenisowy","og_description":"FOTORELACJA oraz WYNIKI z III turnieju LATO 2016.W turnieju wyst\u0105pi\u0142o 20 zawodnik\u00f3w. W kategorii do lat 45 mecz fina\u0142owy rozegrali Panowie Zbigniew Duchnowicz oraz Adam Lichosik, zako\u0144czy\u0142 si\u0119 on wynikiem; 6:7 (7), 6:4, 6:2.Mecz fina\u0142owy w kategorii 45+ \u00a0nie zosta\u0142 rozegrany z powodu kontuzji zawodnika.WYNIKI &#8211; kategoria do 45 latMiejsce I Z.Duchnowicz 18 pktMiejsce II [&hellip;]","og_url":"https:\/\/kktenis.pl\/kkt\/lato-2016-fotorelacja-oraz-wstepne-wyniki-z-iii-turnieju\/","og_site_name":"K\u0119dzierzy\u0144ski Klub Tenisowy","article_publisher":"https:\/\/www.facebook.com\/TenisClubKedzierzynKozle\/?locale=pl_PL","article_published_time":"2016-07-11T22:07:52+00:00","article_modified_time":"2024-01-19T09:01:06+00:00","og_image":[{"width":420,"height":280,"url":"https:\/\/kktenis.pl\/kkt\/wp-content\/uploads\/2024\/01\/DSC_0206-3.JPG","type":"image\/jpeg"}],"author":"admin","twitter_card":"summary_large_image","twitter_misc":{"Napisane przez":"admin","Szacowany czas czytania":"1 minuta"},"schema":{"@context":"https:\/\/schema.org","@graph":[{"@type":"Article","@id":"https:\/\/kktenis.pl\/kkt\/lato-2016-fotorelacja-oraz-wstepne-wyniki-z-iii-turnieju\/#article","isPartOf":{"@id":"https:\/\/kktenis.pl\/kkt\/lato-2016-fotorelacja-oraz-wstepne-wyniki-z-iii-turnieju\/"},"author":{"name":"admin","@id":"https:\/\/kktenis.pl\/kkt\/#\/schema\/person\/bd6440441f5e0b23af8b4a6ee381662a"},"headline":"LATO 2016 &#8211; cykl turniej\u00f3w dla Pan\u00f3w &#8211; FOTORELACJA oraz WYNIKI z III turnieju","datePublished":"2016-07-11T22:07:52+00:00","dateModified":"2024-01-19T09:01:06+00:00","mainEntityOfPage":{"@id":"https:\/\/kktenis.pl\/kkt\/lato-2016-fotorelacja-oraz-wstepne-wyniki-z-iii-turnieju\/"},"wordCount":149,"publisher":{"@id":"https:\/\/kktenis.pl\/kkt\/#organization"},"image":{"@id":"https:\/\/kktenis.pl\/kkt\/lato-2016-fotorelacja-oraz-wstepne-wyniki-z-iii-turnieju\/#primaryimage"},"thumbnailUrl":"https:\/\/kktenis.pl\/kkt\/wp-content\/uploads\/2024\/01\/DSC_0206-3.JPG","keywords":["{Taxonomy: post_tag}"],"articleSection":["Turnieje"],"inLanguage":"pl-PL"},{"@type":"WebPage","@id":"https:\/\/kktenis.pl\/kkt\/lato-2016-fotorelacja-oraz-wstepne-wyniki-z-iii-turnieju\/","url":"https:\/\/kktenis.pl\/kkt\/lato-2016-fotorelacja-oraz-wstepne-wyniki-z-iii-turnieju\/","name":"LATO 2016 - cykl turniej\u00f3w dla Pan\u00f3w - FOTORELACJA oraz WYNIKI z III turnieju - K\u0119dzierzy\u0144ski Klub Tenisowy","isPartOf":{"@id":"https:\/\/kktenis.pl\/kkt\/#website"},"primaryImageOfPage":{"@id":"https:\/\/kktenis.pl\/kkt\/lato-2016-fotorelacja-oraz-wstepne-wyniki-z-iii-turnieju\/#primaryimage"},"image":{"@id":"https:\/\/kktenis.pl\/kkt\/lato-2016-fotorelacja-oraz-wstepne-wyniki-z-iii-turnieju\/#primaryimage"},"thumbnailUrl":"https:\/\/kktenis.pl\/kkt\/wp-content\/uploads\/2024\/01\/DSC_0206-3.JPG","datePublished":"2016-07-11T22:07:52+00:00","dateModified":"2024-01-19T09:01:06+00:00","breadcrumb":{"@id":"https:\/\/kktenis.pl\/kkt\/lato-2016-fotorelacja-oraz-wstepne-wyniki-z-iii-turnieju\/#breadcrumb"},"inLanguage":"pl-PL","potentialAction":[{"@type":"ReadAction","target":["https:\/\/kktenis.pl\/kkt\/lato-2016-fotorelacja-oraz-wstepne-wyniki-z-iii-turnieju\/"]}]},{"@type":"ImageObject","inLanguage":"pl-PL","@id":"https:\/\/kktenis.pl\/kkt\/lato-2016-fotorelacja-oraz-wstepne-wyniki-z-iii-turnieju\/#primaryimage","url":"https:\/\/kktenis.pl\/kkt\/wp-content\/uploads\/2024\/01\/DSC_0206-3.JPG","contentUrl":"https:\/\/kktenis.pl\/kkt\/wp-content\/uploads\/2024\/01\/DSC_0206-3.JPG","width":420,"height":280},{"@type":"BreadcrumbList","@id":"https:\/\/kktenis.pl\/kkt\/lato-2016-fotorelacja-oraz-wstepne-wyniki-z-iii-turnieju\/#breadcrumb","itemListElement":[{"@type":"ListItem","position":1,"name":"Strona g\u0142\u00f3wna","item":"https:\/\/kktenis.pl\/kkt\/"},{"@type":"ListItem","position":2,"name":"LATO 2016 &#8211; cykl turniej\u00f3w dla Pan\u00f3w &#8211; FOTORELACJA oraz WYNIKI z III turnieju"}]},{"@type":"WebSite","@id":"https:\/\/kktenis.pl\/kkt\/#website","url":"https:\/\/kktenis.pl\/kkt\/","name":"K\u0119dzierzy\u0144ski Klub Tenisowy","description":"Sklep - Wz\u00f3r instalacji sklepu","publisher":{"@id":"https:\/\/kktenis.pl\/kkt\/#organization"},"potentialAction":[{"@type":"SearchAction","target":{"@type":"EntryPoint","urlTemplate":"https:\/\/kktenis.pl\/kkt\/?s={search_term_string}"},"query-input":{"@type":"PropertyValueSpecification","valueRequired":true,"valueName":"search_term_string"}}],"inLanguage":"pl-PL"},{"@type":"Organization","@id":"https:\/\/kktenis.pl\/kkt\/#organization","name":"K\u0119dzierzy\u0144ski Klub Tenisowy","url":"https:\/\/kktenis.pl\/kkt\/","logo":{"@type":"ImageObject","inLanguage":"pl-PL","@id":"https:\/\/kktenis.pl\/kkt\/#\/schema\/logo\/image\/","url":"https:\/\/kktenis.pl\/kkt\/wp-content\/uploads\/2024\/01\/logo.png","contentUrl":"https:\/\/kktenis.pl\/kkt\/wp-content\/uploads\/2024\/01\/logo.png","width":133,"height":65,"caption":"K\u0119dzierzy\u0144ski Klub Tenisowy"},"image":{"@id":"https:\/\/kktenis.pl\/kkt\/#\/schema\/logo\/image\/"},"sameAs":["https:\/\/www.facebook.com\/TenisClubKedzierzynKozle\/?locale=pl_PL"]},{"@type":"Person","@id":"https:\/\/kktenis.pl\/kkt\/#\/schema\/person\/bd6440441f5e0b23af8b4a6ee381662a","name":"admin","image":{"@type":"ImageObject","inLanguage":"pl-PL","@id":"https:\/\/kktenis.pl\/kkt\/#\/schema\/person\/image\/","url":"https:\/\/secure.gravatar.com\/avatar\/6bcf2e82eaa35bbe6b20f786a9dd443d?s=96&d=mm&r=g","contentUrl":"https:\/\/secure.gravatar.com\/avatar\/6bcf2e82eaa35bbe6b20f786a9dd443d?s=96&d=mm&r=g","caption":"admin"},"sameAs":["https:\/\/kktenis.pl\/kkt"],"url":"https:\/\/kktenis.pl\/kkt\/author\/admin\/"}]}},"_links":{"self":[{"href":"https:\/\/kktenis.pl\/kkt\/wp-json\/wp\/v2\/posts\/3618","targetHints":{"allow":["GET"]}}],"collection":[{"href":"https:\/\/kktenis.pl\/kkt\/wp-json\/wp\/v2\/posts"}],"about":[{"href":"https:\/\/kktenis.pl\/kkt\/wp-json\/wp\/v2\/types\/post"}],"author":[{"embeddable":true,"href":"https:\/\/kktenis.pl\/kkt\/wp-json\/wp\/v2\/users\/1"}],"replies":[{"embeddable":true,"href":"https:\/\/kktenis.pl\/kkt\/wp-json\/wp\/v2\/comments?post=3618"}],"version-history":[{"count":1,"href":"https:\/\/kktenis.pl\/kkt\/wp-json\/wp\/v2\/posts\/3618\/revisions"}],"predecessor-version":[{"id":3862,"href":"https:\/\/kktenis.pl\/kkt\/wp-json\/wp\/v2\/posts\/3618\/revisions\/3862"}],"wp:featuredmedia":[{"embeddable":true,"href":"https:\/\/kktenis.pl\/kkt\/wp-json\/wp\/v2\/media\/3619"}],"wp:attachment":[{"href":"https:\/\/kktenis.pl\/kkt\/wp-json\/wp\/v2\/media?parent=3618"}],"wp:term":[{"taxonomy":"category","embeddable":true,"href":"https:\/\/kktenis.pl\/kkt\/wp-json\/wp\/v2\/categories?post=3618"},{"taxonomy":"post_tag","embeddable":true,"href":"https:\/\/kktenis.pl\/kkt\/wp-json\/wp\/v2\/tags?post=3618"}],"curies":[{"name":"wp","href":"https:\/\/api.w.org\/{rel}","templated":true}]}}