{"id":3601,"date":"2016-09-06T16:42:59","date_gmt":"2016-09-06T14:42:59","guid":{"rendered":"https:\/\/kktenis.pl\/kkt\/dni-otwarte-w-tenis-clubie\/"},"modified":"2024-01-19T10:03:40","modified_gmt":"2024-01-19T09:03:40","slug":"dni-otwarte-w-tenis-clubie","status":"publish","type":"post","link":"https:\/\/kktenis.pl\/kkt\/dni-otwarte-w-tenis-clubie\/","title":{"rendered":"DNI OTWARTE W TENIS CLUBIE"},"content":{"rendered":"<p>KOCHANI dzi\u0119kujemy za tak liczne przybycie! Cieszymy si\u0119 bardzo tak du\u017cym zainteresowaniem tenisem w\u015br\u00f3d dzieci, m\u0142odzie\u017cy oraz os\u00f3b starszych. Przed\u0142u\u017camy nasz\u0105 promocj\u0119 DNI OTWARTYCH do ko\u0144ca wrze\u015bnia. Dodatkowe zaj\u0119cia odb\u0119d\u0105 si\u0119 w nast\u0119puj\u0105cych terminach; 22\/23.09.16 oraz 29\/30.09.16.<\/p>\n<p>ZAPRASZAMY SERDECZNIE!<\/p>\n<p><img fetchpriority=\"high\" decoding=\"async\" class=\" size-full wp-image-529\" src=\"https:\/\/apbrzozowskiego.pl\/wordpress\/wp-content\/uploads\/2016\/09\/dni_otwarte.jpg\" alt=\"dni otwarte\" width=\"420\" height=\"564\" \/><\/p>\n<p>\u00a0<\/p>\n","protected":false},"excerpt":{"rendered":"<p>KOCHANI dzi\u0119kujemy za tak liczne przybycie! Cieszymy si\u0119 bardzo tak du\u017cym zainteresowaniem tenisem w\u015br\u00f3d dzieci, m\u0142odzie\u017cy oraz os\u00f3b starszych. Przed\u0142u\u017camy nasz\u0105 promocj\u0119 DNI OTWARTYCH do ko\u0144ca wrze\u015bnia. Dodatkowe zaj\u0119cia odb\u0119d\u0105 si\u0119 w nast\u0119puj\u0105cych terminach; 22\/23.09.16 oraz 29\/30.09.16. ZAPRASZAMY SERDECZNIE! \u00a0<\/p>\n","protected":false},"author":1,"featured_media":3602,"comment_status":"closed","ping_status":"closed","sticky":false,"template":"","format":"standard","meta":{"footnotes":""},"categories":[1,28],"tags":[33],"class_list":["post-3601","post","type-post","status-publish","format-standard","has-post-thumbnail","hentry","category-bez-kategorii","category-hala","tag-taxonomy-post_tag"],"yoast_head":"<!-- This site is optimized with the Yoast SEO plugin v26.1.1 - https:\/\/yoast.com\/wordpress\/plugins\/seo\/ -->\n<title>DNI OTWARTE W TENIS CLUBIE - K\u0119dzierzy\u0144ski Klub Tenisowy<\/title>\n<meta name=\"robots\" content=\"index, follow, max-snippet:-1, max-image-preview:large, max-video-preview:-1\" \/>\n<link rel=\"canonical\" href=\"https:\/\/kktenis.pl\/kkt\/dni-otwarte-w-tenis-clubie\/\" \/>\n<meta property=\"og:locale\" content=\"pl_PL\" \/>\n<meta property=\"og:type\" content=\"article\" \/>\n<meta property=\"og:title\" content=\"DNI OTWARTE W TENIS CLUBIE - K\u0119dzierzy\u0144ski Klub Tenisowy\" \/>\n<meta property=\"og:description\" content=\"KOCHANI dzi\u0119kujemy za tak liczne przybycie! Cieszymy si\u0119 bardzo tak du\u017cym zainteresowaniem tenisem w\u015br\u00f3d dzieci, m\u0142odzie\u017cy oraz os\u00f3b starszych. Przed\u0142u\u017camy nasz\u0105 promocj\u0119 DNI OTWARTYCH do ko\u0144ca wrze\u015bnia. Dodatkowe zaj\u0119cia odb\u0119d\u0105 si\u0119 w nast\u0119puj\u0105cych terminach; 22\/23.09.16 oraz 29\/30.09.16. ZAPRASZAMY SERDECZNIE! \u00a0\" \/>\n<meta property=\"og:url\" content=\"https:\/\/kktenis.pl\/kkt\/dni-otwarte-w-tenis-clubie\/\" \/>\n<meta property=\"og:site_name\" content=\"K\u0119dzierzy\u0144ski Klub Tenisowy\" \/>\n<meta property=\"article:publisher\" content=\"https:\/\/www.facebook.com\/TenisClubKedzierzynKozle\/?locale=pl_PL\" \/>\n<meta property=\"article:published_time\" content=\"2016-09-06T14:42:59+00:00\" \/>\n<meta property=\"article:modified_time\" content=\"2024-01-19T09:03:40+00:00\" \/>\n<meta property=\"og:image\" content=\"https:\/\/kktenis.pl\/kkt\/wp-content\/uploads\/2024\/01\/dni_otwarte-3.jpg\" \/>\n\t<meta property=\"og:image:width\" content=\"420\" \/>\n\t<meta property=\"og:image:height\" content=\"564\" \/>\n\t<meta property=\"og:image:type\" content=\"image\/jpeg\" \/>\n<meta name=\"author\" content=\"admin\" \/>\n<meta name=\"twitter:card\" content=\"summary_large_image\" \/>\n<meta name=\"twitter:label1\" content=\"Napisane przez\" \/>\n\t<meta name=\"twitter:data1\" content=\"admin\" \/>\n<script type=\"application\/ld+json\" class=\"yoast-schema-graph\">{\"@context\":\"https:\/\/schema.org\",\"@graph\":[{\"@type\":\"Article\",\"@id\":\"https:\/\/kktenis.pl\/kkt\/dni-otwarte-w-tenis-clubie\/#article\",\"isPartOf\":{\"@id\":\"https:\/\/kktenis.pl\/kkt\/dni-otwarte-w-tenis-clubie\/\"},\"author\":{\"name\":\"admin\",\"@id\":\"https:\/\/kktenis.pl\/kkt\/#\/schema\/person\/bd6440441f5e0b23af8b4a6ee381662a\"},\"headline\":\"DNI OTWARTE W TENIS CLUBIE\",\"datePublished\":\"2016-09-06T14:42:59+00:00\",\"dateModified\":\"2024-01-19T09:03:40+00:00\",\"mainEntityOfPage\":{\"@id\":\"https:\/\/kktenis.pl\/kkt\/dni-otwarte-w-tenis-clubie\/\"},\"wordCount\":57,\"publisher\":{\"@id\":\"https:\/\/kktenis.pl\/kkt\/#organization\"},\"image\":{\"@id\":\"https:\/\/kktenis.pl\/kkt\/dni-otwarte-w-tenis-clubie\/#primaryimage\"},\"thumbnailUrl\":\"https:\/\/kktenis.pl\/kkt\/wp-content\/uploads\/2024\/01\/dni_otwarte-3.jpg\",\"keywords\":[\"{Taxonomy: post_tag}\"],\"articleSection\":{\"1\":\"Hala\"},\"inLanguage\":\"pl-PL\"},{\"@type\":\"WebPage\",\"@id\":\"https:\/\/kktenis.pl\/kkt\/dni-otwarte-w-tenis-clubie\/\",\"url\":\"https:\/\/kktenis.pl\/kkt\/dni-otwarte-w-tenis-clubie\/\",\"name\":\"DNI OTWARTE W TENIS CLUBIE - K\u0119dzierzy\u0144ski Klub Tenisowy\",\"isPartOf\":{\"@id\":\"https:\/\/kktenis.pl\/kkt\/#website\"},\"primaryImageOfPage\":{\"@id\":\"https:\/\/kktenis.pl\/kkt\/dni-otwarte-w-tenis-clubie\/#primaryimage\"},\"image\":{\"@id\":\"https:\/\/kktenis.pl\/kkt\/dni-otwarte-w-tenis-clubie\/#primaryimage\"},\"thumbnailUrl\":\"https:\/\/kktenis.pl\/kkt\/wp-content\/uploads\/2024\/01\/dni_otwarte-3.jpg\",\"datePublished\":\"2016-09-06T14:42:59+00:00\",\"dateModified\":\"2024-01-19T09:03:40+00:00\",\"breadcrumb\":{\"@id\":\"https:\/\/kktenis.pl\/kkt\/dni-otwarte-w-tenis-clubie\/#breadcrumb\"},\"inLanguage\":\"pl-PL\",\"potentialAction\":[{\"@type\":\"ReadAction\",\"target\":[\"https:\/\/kktenis.pl\/kkt\/dni-otwarte-w-tenis-clubie\/\"]}]},{\"@type\":\"ImageObject\",\"inLanguage\":\"pl-PL\",\"@id\":\"https:\/\/kktenis.pl\/kkt\/dni-otwarte-w-tenis-clubie\/#primaryimage\",\"url\":\"https:\/\/kktenis.pl\/kkt\/wp-content\/uploads\/2024\/01\/dni_otwarte-3.jpg\",\"contentUrl\":\"https:\/\/kktenis.pl\/kkt\/wp-content\/uploads\/2024\/01\/dni_otwarte-3.jpg\",\"width\":420,\"height\":564},{\"@type\":\"BreadcrumbList\",\"@id\":\"https:\/\/kktenis.pl\/kkt\/dni-otwarte-w-tenis-clubie\/#breadcrumb\",\"itemListElement\":[{\"@type\":\"ListItem\",\"position\":1,\"name\":\"Strona g\u0142\u00f3wna\",\"item\":\"https:\/\/kktenis.pl\/kkt\/\"},{\"@type\":\"ListItem\",\"position\":2,\"name\":\"DNI OTWARTE W TENIS CLUBIE\"}]},{\"@type\":\"WebSite\",\"@id\":\"https:\/\/kktenis.pl\/kkt\/#website\",\"url\":\"https:\/\/kktenis.pl\/kkt\/\",\"name\":\"K\u0119dzierzy\u0144ski Klub Tenisowy\",\"description\":\"Sklep - Wz\u00f3r instalacji sklepu\",\"publisher\":{\"@id\":\"https:\/\/kktenis.pl\/kkt\/#organization\"},\"potentialAction\":[{\"@type\":\"SearchAction\",\"target\":{\"@type\":\"EntryPoint\",\"urlTemplate\":\"https:\/\/kktenis.pl\/kkt\/?s={search_term_string}\"},\"query-input\":{\"@type\":\"PropertyValueSpecification\",\"valueRequired\":true,\"valueName\":\"search_term_string\"}}],\"inLanguage\":\"pl-PL\"},{\"@type\":\"Organization\",\"@id\":\"https:\/\/kktenis.pl\/kkt\/#organization\",\"name\":\"K\u0119dzierzy\u0144ski Klub Tenisowy\",\"url\":\"https:\/\/kktenis.pl\/kkt\/\",\"logo\":{\"@type\":\"ImageObject\",\"inLanguage\":\"pl-PL\",\"@id\":\"https:\/\/kktenis.pl\/kkt\/#\/schema\/logo\/image\/\",\"url\":\"https:\/\/kktenis.pl\/kkt\/wp-content\/uploads\/2024\/01\/logo.png\",\"contentUrl\":\"https:\/\/kktenis.pl\/kkt\/wp-content\/uploads\/2024\/01\/logo.png\",\"width\":133,\"height\":65,\"caption\":\"K\u0119dzierzy\u0144ski Klub Tenisowy\"},\"image\":{\"@id\":\"https:\/\/kktenis.pl\/kkt\/#\/schema\/logo\/image\/\"},\"sameAs\":[\"https:\/\/www.facebook.com\/TenisClubKedzierzynKozle\/?locale=pl_PL\"]},{\"@type\":\"Person\",\"@id\":\"https:\/\/kktenis.pl\/kkt\/#\/schema\/person\/bd6440441f5e0b23af8b4a6ee381662a\",\"name\":\"admin\",\"image\":{\"@type\":\"ImageObject\",\"inLanguage\":\"pl-PL\",\"@id\":\"https:\/\/kktenis.pl\/kkt\/#\/schema\/person\/image\/\",\"url\":\"https:\/\/secure.gravatar.com\/avatar\/6bcf2e82eaa35bbe6b20f786a9dd443d?s=96&d=mm&r=g\",\"contentUrl\":\"https:\/\/secure.gravatar.com\/avatar\/6bcf2e82eaa35bbe6b20f786a9dd443d?s=96&d=mm&r=g\",\"caption\":\"admin\"},\"sameAs\":[\"https:\/\/kktenis.pl\/kkt\"],\"url\":\"https:\/\/kktenis.pl\/kkt\/author\/admin\/\"}]}<\/script>\n<!-- \/ Yoast SEO plugin. -->","yoast_head_json":{"title":"DNI OTWARTE W TENIS CLUBIE - K\u0119dzierzy\u0144ski Klub Tenisowy","robots":{"index":"index","follow":"follow","max-snippet":"max-snippet:-1","max-image-preview":"max-image-preview:large","max-video-preview":"max-video-preview:-1"},"canonical":"https:\/\/kktenis.pl\/kkt\/dni-otwarte-w-tenis-clubie\/","og_locale":"pl_PL","og_type":"article","og_title":"DNI OTWARTE W TENIS CLUBIE - K\u0119dzierzy\u0144ski Klub Tenisowy","og_description":"KOCHANI dzi\u0119kujemy za tak liczne przybycie! Cieszymy si\u0119 bardzo tak du\u017cym zainteresowaniem tenisem w\u015br\u00f3d dzieci, m\u0142odzie\u017cy oraz os\u00f3b starszych. Przed\u0142u\u017camy nasz\u0105 promocj\u0119 DNI OTWARTYCH do ko\u0144ca wrze\u015bnia. Dodatkowe zaj\u0119cia odb\u0119d\u0105 si\u0119 w nast\u0119puj\u0105cych terminach; 22\/23.09.16 oraz 29\/30.09.16. ZAPRASZAMY SERDECZNIE! \u00a0","og_url":"https:\/\/kktenis.pl\/kkt\/dni-otwarte-w-tenis-clubie\/","og_site_name":"K\u0119dzierzy\u0144ski Klub Tenisowy","article_publisher":"https:\/\/www.facebook.com\/TenisClubKedzierzynKozle\/?locale=pl_PL","article_published_time":"2016-09-06T14:42:59+00:00","article_modified_time":"2024-01-19T09:03:40+00:00","og_image":[{"width":420,"height":564,"url":"https:\/\/kktenis.pl\/kkt\/wp-content\/uploads\/2024\/01\/dni_otwarte-3.jpg","type":"image\/jpeg"}],"author":"admin","twitter_card":"summary_large_image","twitter_misc":{"Napisane przez":"admin"},"schema":{"@context":"https:\/\/schema.org","@graph":[{"@type":"Article","@id":"https:\/\/kktenis.pl\/kkt\/dni-otwarte-w-tenis-clubie\/#article","isPartOf":{"@id":"https:\/\/kktenis.pl\/kkt\/dni-otwarte-w-tenis-clubie\/"},"author":{"name":"admin","@id":"https:\/\/kktenis.pl\/kkt\/#\/schema\/person\/bd6440441f5e0b23af8b4a6ee381662a"},"headline":"DNI OTWARTE W TENIS CLUBIE","datePublished":"2016-09-06T14:42:59+00:00","dateModified":"2024-01-19T09:03:40+00:00","mainEntityOfPage":{"@id":"https:\/\/kktenis.pl\/kkt\/dni-otwarte-w-tenis-clubie\/"},"wordCount":57,"publisher":{"@id":"https:\/\/kktenis.pl\/kkt\/#organization"},"image":{"@id":"https:\/\/kktenis.pl\/kkt\/dni-otwarte-w-tenis-clubie\/#primaryimage"},"thumbnailUrl":"https:\/\/kktenis.pl\/kkt\/wp-content\/uploads\/2024\/01\/dni_otwarte-3.jpg","keywords":["{Taxonomy: post_tag}"],"articleSection":{"1":"Hala"},"inLanguage":"pl-PL"},{"@type":"WebPage","@id":"https:\/\/kktenis.pl\/kkt\/dni-otwarte-w-tenis-clubie\/","url":"https:\/\/kktenis.pl\/kkt\/dni-otwarte-w-tenis-clubie\/","name":"DNI OTWARTE W TENIS CLUBIE - K\u0119dzierzy\u0144ski Klub Tenisowy","isPartOf":{"@id":"https:\/\/kktenis.pl\/kkt\/#website"},"primaryImageOfPage":{"@id":"https:\/\/kktenis.pl\/kkt\/dni-otwarte-w-tenis-clubie\/#primaryimage"},"image":{"@id":"https:\/\/kktenis.pl\/kkt\/dni-otwarte-w-tenis-clubie\/#primaryimage"},"thumbnailUrl":"https:\/\/kktenis.pl\/kkt\/wp-content\/uploads\/2024\/01\/dni_otwarte-3.jpg","datePublished":"2016-09-06T14:42:59+00:00","dateModified":"2024-01-19T09:03:40+00:00","breadcrumb":{"@id":"https:\/\/kktenis.pl\/kkt\/dni-otwarte-w-tenis-clubie\/#breadcrumb"},"inLanguage":"pl-PL","potentialAction":[{"@type":"ReadAction","target":["https:\/\/kktenis.pl\/kkt\/dni-otwarte-w-tenis-clubie\/"]}]},{"@type":"ImageObject","inLanguage":"pl-PL","@id":"https:\/\/kktenis.pl\/kkt\/dni-otwarte-w-tenis-clubie\/#primaryimage","url":"https:\/\/kktenis.pl\/kkt\/wp-content\/uploads\/2024\/01\/dni_otwarte-3.jpg","contentUrl":"https:\/\/kktenis.pl\/kkt\/wp-content\/uploads\/2024\/01\/dni_otwarte-3.jpg","width":420,"height":564},{"@type":"BreadcrumbList","@id":"https:\/\/kktenis.pl\/kkt\/dni-otwarte-w-tenis-clubie\/#breadcrumb","itemListElement":[{"@type":"ListItem","position":1,"name":"Strona g\u0142\u00f3wna","item":"https:\/\/kktenis.pl\/kkt\/"},{"@type":"ListItem","position":2,"name":"DNI OTWARTE W TENIS CLUBIE"}]},{"@type":"WebSite","@id":"https:\/\/kktenis.pl\/kkt\/#website","url":"https:\/\/kktenis.pl\/kkt\/","name":"K\u0119dzierzy\u0144ski Klub Tenisowy","description":"Sklep - Wz\u00f3r instalacji sklepu","publisher":{"@id":"https:\/\/kktenis.pl\/kkt\/#organization"},"potentialAction":[{"@type":"SearchAction","target":{"@type":"EntryPoint","urlTemplate":"https:\/\/kktenis.pl\/kkt\/?s={search_term_string}"},"query-input":{"@type":"PropertyValueSpecification","valueRequired":true,"valueName":"search_term_string"}}],"inLanguage":"pl-PL"},{"@type":"Organization","@id":"https:\/\/kktenis.pl\/kkt\/#organization","name":"K\u0119dzierzy\u0144ski Klub Tenisowy","url":"https:\/\/kktenis.pl\/kkt\/","logo":{"@type":"ImageObject","inLanguage":"pl-PL","@id":"https:\/\/kktenis.pl\/kkt\/#\/schema\/logo\/image\/","url":"https:\/\/kktenis.pl\/kkt\/wp-content\/uploads\/2024\/01\/logo.png","contentUrl":"https:\/\/kktenis.pl\/kkt\/wp-content\/uploads\/2024\/01\/logo.png","width":133,"height":65,"caption":"K\u0119dzierzy\u0144ski Klub Tenisowy"},"image":{"@id":"https:\/\/kktenis.pl\/kkt\/#\/schema\/logo\/image\/"},"sameAs":["https:\/\/www.facebook.com\/TenisClubKedzierzynKozle\/?locale=pl_PL"]},{"@type":"Person","@id":"https:\/\/kktenis.pl\/kkt\/#\/schema\/person\/bd6440441f5e0b23af8b4a6ee381662a","name":"admin","image":{"@type":"ImageObject","inLanguage":"pl-PL","@id":"https:\/\/kktenis.pl\/kkt\/#\/schema\/person\/image\/","url":"https:\/\/secure.gravatar.com\/avatar\/6bcf2e82eaa35bbe6b20f786a9dd443d?s=96&d=mm&r=g","contentUrl":"https:\/\/secure.gravatar.com\/avatar\/6bcf2e82eaa35bbe6b20f786a9dd443d?s=96&d=mm&r=g","caption":"admin"},"sameAs":["https:\/\/kktenis.pl\/kkt"],"url":"https:\/\/kktenis.pl\/kkt\/author\/admin\/"}]}},"_links":{"self":[{"href":"https:\/\/kktenis.pl\/kkt\/wp-json\/wp\/v2\/posts\/3601","targetHints":{"allow":["GET"]}}],"collection":[{"href":"https:\/\/kktenis.pl\/kkt\/wp-json\/wp\/v2\/posts"}],"about":[{"href":"https:\/\/kktenis.pl\/kkt\/wp-json\/wp\/v2\/types\/post"}],"author":[{"embeddable":true,"href":"https:\/\/kktenis.pl\/kkt\/wp-json\/wp\/v2\/users\/1"}],"replies":[{"embeddable":true,"href":"https:\/\/kktenis.pl\/kkt\/wp-json\/wp\/v2\/comments?post=3601"}],"version-history":[{"count":1,"href":"https:\/\/kktenis.pl\/kkt\/wp-json\/wp\/v2\/posts\/3601\/revisions"}],"predecessor-version":[{"id":3912,"href":"https:\/\/kktenis.pl\/kkt\/wp-json\/wp\/v2\/posts\/3601\/revisions\/3912"}],"wp:featuredmedia":[{"embeddable":true,"href":"https:\/\/kktenis.pl\/kkt\/wp-json\/wp\/v2\/media\/3602"}],"wp:attachment":[{"href":"https:\/\/kktenis.pl\/kkt\/wp-json\/wp\/v2\/media?parent=3601"}],"wp:term":[{"taxonomy":"category","embeddable":true,"href":"https:\/\/kktenis.pl\/kkt\/wp-json\/wp\/v2\/categories?post=3601"},{"taxonomy":"post_tag","embeddable":true,"href":"https:\/\/kktenis.pl\/kkt\/wp-json\/wp\/v2\/tags?post=3601"}],"curies":[{"name":"wp","href":"https:\/\/api.w.org\/{rel}","templated":true}]}}