{"id":3565,"date":"2017-01-22T09:54:05","date_gmt":"2017-01-22T08:54:05","guid":{"rendered":"https:\/\/kktenis.pl\/kkt\/polkolonie-zimowe-w-tenis-clubie-2017\/"},"modified":"2024-01-19T10:03:40","modified_gmt":"2024-01-19T09:03:40","slug":"polkolonie-zimowe-w-tenis-clubie-2017","status":"publish","type":"post","link":"https:\/\/kktenis.pl\/kkt\/polkolonie-zimowe-w-tenis-clubie-2017\/","title":{"rendered":"P\u00d3\u0141KOLONIE ZIMOWE W TENIS CLUBIE 2017"},"content":{"rendered":"<p>Prowadzimy zapisy na p\u00f3\u0142kolonie organizowane w lutym 2017 r.<br \/>Zaj\u0119cia odbywaj\u0105 si\u0119 w komfortowych warunkach na hali, w Kompleksie Sportowo-Rekreacyjnym Tenis Club, w K\u0119dzierzynie-Ko\u017alu.<\/p>\n<p>Zapraszamy dzieci w wieku od 5 do 16 lat, kt\u00f3re chcia\u0142yby rozpocz\u0105\u0107 przygod\u0119 z tenisem lub kt\u00f3re ju\u017c t\u0119 przygod\u0119 rozpocz\u0119\u0142y.<\/p>\n<p>Oferta kierowana jest przede wszystkim do rodzic\u00f3w, kt\u00f3rzy chc\u0105 da\u0107 swoim pociechom mo\u017cliwo\u015bci dobrego startu w tej pi\u0119knej dyscyplinie sportu jak\u0105 jest tenis.<\/p>\n<p>Nasze atuty to przede wszystkim: wysokie standardy, indywidualne podej\u015bcie, do\u015bwiadczenie.<\/p>\n<p>Wi\u0119cej informacji pod numerami telefon\u00f3w:<br \/>Wiesia tel. 608 454 230 oraz Adam tel. 605158542<\/p>\n<p>ZAPRASZAMY SERDECZNIE!<\/p>\n<p><img fetchpriority=\"high\" decoding=\"async\" class=\" size-full wp-image-666\" src=\"https:\/\/apbrzozowskiego.pl\/wordpress\/wp-content\/uploads\/2017\/01\/ferie_zimowe.jpg\" alt=\"ferie zimowe\" width=\"620\" height=\"832\" \/><\/p>\n","protected":false},"excerpt":{"rendered":"<p>Prowadzimy zapisy na p\u00f3\u0142kolonie organizowane w lutym 2017 r.Zaj\u0119cia odbywaj\u0105 si\u0119 w komfortowych warunkach na hali, w Kompleksie Sportowo-Rekreacyjnym Tenis Club, w K\u0119dzierzynie-Ko\u017alu. Zapraszamy dzieci w wieku od 5 do 16 lat, kt\u00f3re chcia\u0142yby rozpocz\u0105\u0107 przygod\u0119 z tenisem lub kt\u00f3re ju\u017c t\u0119 przygod\u0119 rozpocz\u0119\u0142y. Oferta kierowana jest przede wszystkim do rodzic\u00f3w, kt\u00f3rzy chc\u0105 da\u0107 swoim [&hellip;]<\/p>\n","protected":false},"author":1,"featured_media":3566,"comment_status":"closed","ping_status":"closed","sticky":false,"template":"","format":"standard","meta":{"footnotes":""},"categories":[1,28],"tags":[33],"class_list":["post-3565","post","type-post","status-publish","format-standard","has-post-thumbnail","hentry","category-bez-kategorii","category-hala","tag-taxonomy-post_tag"],"yoast_head":"<!-- This site is optimized with the Yoast SEO plugin v26.1.1 - https:\/\/yoast.com\/wordpress\/plugins\/seo\/ -->\n<title>P\u00d3\u0141KOLONIE ZIMOWE W TENIS CLUBIE 2017 - K\u0119dzierzy\u0144ski Klub Tenisowy<\/title>\n<meta name=\"robots\" content=\"index, follow, max-snippet:-1, max-image-preview:large, max-video-preview:-1\" \/>\n<link rel=\"canonical\" href=\"https:\/\/kktenis.pl\/kkt\/polkolonie-zimowe-w-tenis-clubie-2017\/\" \/>\n<meta property=\"og:locale\" content=\"pl_PL\" \/>\n<meta property=\"og:type\" content=\"article\" \/>\n<meta property=\"og:title\" content=\"P\u00d3\u0141KOLONIE ZIMOWE W TENIS CLUBIE 2017 - K\u0119dzierzy\u0144ski Klub Tenisowy\" \/>\n<meta property=\"og:description\" content=\"Prowadzimy zapisy na p\u00f3\u0142kolonie organizowane w lutym 2017 r.Zaj\u0119cia odbywaj\u0105 si\u0119 w komfortowych warunkach na hali, w Kompleksie Sportowo-Rekreacyjnym Tenis Club, w K\u0119dzierzynie-Ko\u017alu. Zapraszamy dzieci w wieku od 5 do 16 lat, kt\u00f3re chcia\u0142yby rozpocz\u0105\u0107 przygod\u0119 z tenisem lub kt\u00f3re ju\u017c t\u0119 przygod\u0119 rozpocz\u0119\u0142y. Oferta kierowana jest przede wszystkim do rodzic\u00f3w, kt\u00f3rzy chc\u0105 da\u0107 swoim [&hellip;]\" \/>\n<meta property=\"og:url\" content=\"https:\/\/kktenis.pl\/kkt\/polkolonie-zimowe-w-tenis-clubie-2017\/\" \/>\n<meta property=\"og:site_name\" content=\"K\u0119dzierzy\u0144ski Klub Tenisowy\" \/>\n<meta property=\"article:publisher\" content=\"https:\/\/www.facebook.com\/TenisClubKedzierzynKozle\/?locale=pl_PL\" \/>\n<meta property=\"article:published_time\" content=\"2017-01-22T08:54:05+00:00\" \/>\n<meta property=\"article:modified_time\" content=\"2024-01-19T09:03:40+00:00\" \/>\n<meta property=\"og:image\" content=\"https:\/\/kktenis.pl\/kkt\/wp-content\/uploads\/2024\/01\/ferie_zimowe-3.jpg\" \/>\n\t<meta property=\"og:image:width\" content=\"620\" \/>\n\t<meta property=\"og:image:height\" content=\"832\" \/>\n\t<meta property=\"og:image:type\" content=\"image\/jpeg\" \/>\n<meta name=\"author\" content=\"admin\" \/>\n<meta name=\"twitter:card\" content=\"summary_large_image\" \/>\n<meta name=\"twitter:label1\" content=\"Napisane przez\" \/>\n\t<meta name=\"twitter:data1\" content=\"admin\" \/>\n\t<meta name=\"twitter:label2\" content=\"Szacowany czas czytania\" \/>\n\t<meta name=\"twitter:data2\" content=\"1 minuta\" \/>\n<script type=\"application\/ld+json\" class=\"yoast-schema-graph\">{\"@context\":\"https:\/\/schema.org\",\"@graph\":[{\"@type\":\"Article\",\"@id\":\"https:\/\/kktenis.pl\/kkt\/polkolonie-zimowe-w-tenis-clubie-2017\/#article\",\"isPartOf\":{\"@id\":\"https:\/\/kktenis.pl\/kkt\/polkolonie-zimowe-w-tenis-clubie-2017\/\"},\"author\":{\"name\":\"admin\",\"@id\":\"https:\/\/kktenis.pl\/kkt\/#\/schema\/person\/bd6440441f5e0b23af8b4a6ee381662a\"},\"headline\":\"P\u00d3\u0141KOLONIE ZIMOWE W TENIS CLUBIE 2017\",\"datePublished\":\"2017-01-22T08:54:05+00:00\",\"dateModified\":\"2024-01-19T09:03:40+00:00\",\"mainEntityOfPage\":{\"@id\":\"https:\/\/kktenis.pl\/kkt\/polkolonie-zimowe-w-tenis-clubie-2017\/\"},\"wordCount\":110,\"publisher\":{\"@id\":\"https:\/\/kktenis.pl\/kkt\/#organization\"},\"image\":{\"@id\":\"https:\/\/kktenis.pl\/kkt\/polkolonie-zimowe-w-tenis-clubie-2017\/#primaryimage\"},\"thumbnailUrl\":\"https:\/\/kktenis.pl\/kkt\/wp-content\/uploads\/2024\/01\/ferie_zimowe-3.jpg\",\"keywords\":[\"{Taxonomy: post_tag}\"],\"articleSection\":{\"1\":\"Hala\"},\"inLanguage\":\"pl-PL\"},{\"@type\":\"WebPage\",\"@id\":\"https:\/\/kktenis.pl\/kkt\/polkolonie-zimowe-w-tenis-clubie-2017\/\",\"url\":\"https:\/\/kktenis.pl\/kkt\/polkolonie-zimowe-w-tenis-clubie-2017\/\",\"name\":\"P\u00d3\u0141KOLONIE ZIMOWE W TENIS CLUBIE 2017 - K\u0119dzierzy\u0144ski Klub Tenisowy\",\"isPartOf\":{\"@id\":\"https:\/\/kktenis.pl\/kkt\/#website\"},\"primaryImageOfPage\":{\"@id\":\"https:\/\/kktenis.pl\/kkt\/polkolonie-zimowe-w-tenis-clubie-2017\/#primaryimage\"},\"image\":{\"@id\":\"https:\/\/kktenis.pl\/kkt\/polkolonie-zimowe-w-tenis-clubie-2017\/#primaryimage\"},\"thumbnailUrl\":\"https:\/\/kktenis.pl\/kkt\/wp-content\/uploads\/2024\/01\/ferie_zimowe-3.jpg\",\"datePublished\":\"2017-01-22T08:54:05+00:00\",\"dateModified\":\"2024-01-19T09:03:40+00:00\",\"breadcrumb\":{\"@id\":\"https:\/\/kktenis.pl\/kkt\/polkolonie-zimowe-w-tenis-clubie-2017\/#breadcrumb\"},\"inLanguage\":\"pl-PL\",\"potentialAction\":[{\"@type\":\"ReadAction\",\"target\":[\"https:\/\/kktenis.pl\/kkt\/polkolonie-zimowe-w-tenis-clubie-2017\/\"]}]},{\"@type\":\"ImageObject\",\"inLanguage\":\"pl-PL\",\"@id\":\"https:\/\/kktenis.pl\/kkt\/polkolonie-zimowe-w-tenis-clubie-2017\/#primaryimage\",\"url\":\"https:\/\/kktenis.pl\/kkt\/wp-content\/uploads\/2024\/01\/ferie_zimowe-3.jpg\",\"contentUrl\":\"https:\/\/kktenis.pl\/kkt\/wp-content\/uploads\/2024\/01\/ferie_zimowe-3.jpg\",\"width\":620,\"height\":832},{\"@type\":\"BreadcrumbList\",\"@id\":\"https:\/\/kktenis.pl\/kkt\/polkolonie-zimowe-w-tenis-clubie-2017\/#breadcrumb\",\"itemListElement\":[{\"@type\":\"ListItem\",\"position\":1,\"name\":\"Strona g\u0142\u00f3wna\",\"item\":\"https:\/\/kktenis.pl\/kkt\/\"},{\"@type\":\"ListItem\",\"position\":2,\"name\":\"P\u00d3\u0141KOLONIE ZIMOWE W TENIS CLUBIE 2017\"}]},{\"@type\":\"WebSite\",\"@id\":\"https:\/\/kktenis.pl\/kkt\/#website\",\"url\":\"https:\/\/kktenis.pl\/kkt\/\",\"name\":\"K\u0119dzierzy\u0144ski Klub Tenisowy\",\"description\":\"Sklep - Wz\u00f3r instalacji sklepu\",\"publisher\":{\"@id\":\"https:\/\/kktenis.pl\/kkt\/#organization\"},\"potentialAction\":[{\"@type\":\"SearchAction\",\"target\":{\"@type\":\"EntryPoint\",\"urlTemplate\":\"https:\/\/kktenis.pl\/kkt\/?s={search_term_string}\"},\"query-input\":{\"@type\":\"PropertyValueSpecification\",\"valueRequired\":true,\"valueName\":\"search_term_string\"}}],\"inLanguage\":\"pl-PL\"},{\"@type\":\"Organization\",\"@id\":\"https:\/\/kktenis.pl\/kkt\/#organization\",\"name\":\"K\u0119dzierzy\u0144ski Klub Tenisowy\",\"url\":\"https:\/\/kktenis.pl\/kkt\/\",\"logo\":{\"@type\":\"ImageObject\",\"inLanguage\":\"pl-PL\",\"@id\":\"https:\/\/kktenis.pl\/kkt\/#\/schema\/logo\/image\/\",\"url\":\"https:\/\/kktenis.pl\/kkt\/wp-content\/uploads\/2024\/01\/logo.png\",\"contentUrl\":\"https:\/\/kktenis.pl\/kkt\/wp-content\/uploads\/2024\/01\/logo.png\",\"width\":133,\"height\":65,\"caption\":\"K\u0119dzierzy\u0144ski Klub Tenisowy\"},\"image\":{\"@id\":\"https:\/\/kktenis.pl\/kkt\/#\/schema\/logo\/image\/\"},\"sameAs\":[\"https:\/\/www.facebook.com\/TenisClubKedzierzynKozle\/?locale=pl_PL\"]},{\"@type\":\"Person\",\"@id\":\"https:\/\/kktenis.pl\/kkt\/#\/schema\/person\/bd6440441f5e0b23af8b4a6ee381662a\",\"name\":\"admin\",\"image\":{\"@type\":\"ImageObject\",\"inLanguage\":\"pl-PL\",\"@id\":\"https:\/\/kktenis.pl\/kkt\/#\/schema\/person\/image\/\",\"url\":\"https:\/\/secure.gravatar.com\/avatar\/6bcf2e82eaa35bbe6b20f786a9dd443d?s=96&d=mm&r=g\",\"contentUrl\":\"https:\/\/secure.gravatar.com\/avatar\/6bcf2e82eaa35bbe6b20f786a9dd443d?s=96&d=mm&r=g\",\"caption\":\"admin\"},\"sameAs\":[\"https:\/\/kktenis.pl\/kkt\"],\"url\":\"https:\/\/kktenis.pl\/kkt\/author\/admin\/\"}]}<\/script>\n<!-- \/ Yoast SEO plugin. -->","yoast_head_json":{"title":"P\u00d3\u0141KOLONIE ZIMOWE W TENIS CLUBIE 2017 - K\u0119dzierzy\u0144ski Klub Tenisowy","robots":{"index":"index","follow":"follow","max-snippet":"max-snippet:-1","max-image-preview":"max-image-preview:large","max-video-preview":"max-video-preview:-1"},"canonical":"https:\/\/kktenis.pl\/kkt\/polkolonie-zimowe-w-tenis-clubie-2017\/","og_locale":"pl_PL","og_type":"article","og_title":"P\u00d3\u0141KOLONIE ZIMOWE W TENIS CLUBIE 2017 - K\u0119dzierzy\u0144ski Klub Tenisowy","og_description":"Prowadzimy zapisy na p\u00f3\u0142kolonie organizowane w lutym 2017 r.Zaj\u0119cia odbywaj\u0105 si\u0119 w komfortowych warunkach na hali, w Kompleksie Sportowo-Rekreacyjnym Tenis Club, w K\u0119dzierzynie-Ko\u017alu. Zapraszamy dzieci w wieku od 5 do 16 lat, kt\u00f3re chcia\u0142yby rozpocz\u0105\u0107 przygod\u0119 z tenisem lub kt\u00f3re ju\u017c t\u0119 przygod\u0119 rozpocz\u0119\u0142y. Oferta kierowana jest przede wszystkim do rodzic\u00f3w, kt\u00f3rzy chc\u0105 da\u0107 swoim [&hellip;]","og_url":"https:\/\/kktenis.pl\/kkt\/polkolonie-zimowe-w-tenis-clubie-2017\/","og_site_name":"K\u0119dzierzy\u0144ski Klub Tenisowy","article_publisher":"https:\/\/www.facebook.com\/TenisClubKedzierzynKozle\/?locale=pl_PL","article_published_time":"2017-01-22T08:54:05+00:00","article_modified_time":"2024-01-19T09:03:40+00:00","og_image":[{"width":620,"height":832,"url":"https:\/\/kktenis.pl\/kkt\/wp-content\/uploads\/2024\/01\/ferie_zimowe-3.jpg","type":"image\/jpeg"}],"author":"admin","twitter_card":"summary_large_image","twitter_misc":{"Napisane przez":"admin","Szacowany czas czytania":"1 minuta"},"schema":{"@context":"https:\/\/schema.org","@graph":[{"@type":"Article","@id":"https:\/\/kktenis.pl\/kkt\/polkolonie-zimowe-w-tenis-clubie-2017\/#article","isPartOf":{"@id":"https:\/\/kktenis.pl\/kkt\/polkolonie-zimowe-w-tenis-clubie-2017\/"},"author":{"name":"admin","@id":"https:\/\/kktenis.pl\/kkt\/#\/schema\/person\/bd6440441f5e0b23af8b4a6ee381662a"},"headline":"P\u00d3\u0141KOLONIE ZIMOWE W TENIS CLUBIE 2017","datePublished":"2017-01-22T08:54:05+00:00","dateModified":"2024-01-19T09:03:40+00:00","mainEntityOfPage":{"@id":"https:\/\/kktenis.pl\/kkt\/polkolonie-zimowe-w-tenis-clubie-2017\/"},"wordCount":110,"publisher":{"@id":"https:\/\/kktenis.pl\/kkt\/#organization"},"image":{"@id":"https:\/\/kktenis.pl\/kkt\/polkolonie-zimowe-w-tenis-clubie-2017\/#primaryimage"},"thumbnailUrl":"https:\/\/kktenis.pl\/kkt\/wp-content\/uploads\/2024\/01\/ferie_zimowe-3.jpg","keywords":["{Taxonomy: post_tag}"],"articleSection":{"1":"Hala"},"inLanguage":"pl-PL"},{"@type":"WebPage","@id":"https:\/\/kktenis.pl\/kkt\/polkolonie-zimowe-w-tenis-clubie-2017\/","url":"https:\/\/kktenis.pl\/kkt\/polkolonie-zimowe-w-tenis-clubie-2017\/","name":"P\u00d3\u0141KOLONIE ZIMOWE W TENIS CLUBIE 2017 - K\u0119dzierzy\u0144ski Klub Tenisowy","isPartOf":{"@id":"https:\/\/kktenis.pl\/kkt\/#website"},"primaryImageOfPage":{"@id":"https:\/\/kktenis.pl\/kkt\/polkolonie-zimowe-w-tenis-clubie-2017\/#primaryimage"},"image":{"@id":"https:\/\/kktenis.pl\/kkt\/polkolonie-zimowe-w-tenis-clubie-2017\/#primaryimage"},"thumbnailUrl":"https:\/\/kktenis.pl\/kkt\/wp-content\/uploads\/2024\/01\/ferie_zimowe-3.jpg","datePublished":"2017-01-22T08:54:05+00:00","dateModified":"2024-01-19T09:03:40+00:00","breadcrumb":{"@id":"https:\/\/kktenis.pl\/kkt\/polkolonie-zimowe-w-tenis-clubie-2017\/#breadcrumb"},"inLanguage":"pl-PL","potentialAction":[{"@type":"ReadAction","target":["https:\/\/kktenis.pl\/kkt\/polkolonie-zimowe-w-tenis-clubie-2017\/"]}]},{"@type":"ImageObject","inLanguage":"pl-PL","@id":"https:\/\/kktenis.pl\/kkt\/polkolonie-zimowe-w-tenis-clubie-2017\/#primaryimage","url":"https:\/\/kktenis.pl\/kkt\/wp-content\/uploads\/2024\/01\/ferie_zimowe-3.jpg","contentUrl":"https:\/\/kktenis.pl\/kkt\/wp-content\/uploads\/2024\/01\/ferie_zimowe-3.jpg","width":620,"height":832},{"@type":"BreadcrumbList","@id":"https:\/\/kktenis.pl\/kkt\/polkolonie-zimowe-w-tenis-clubie-2017\/#breadcrumb","itemListElement":[{"@type":"ListItem","position":1,"name":"Strona g\u0142\u00f3wna","item":"https:\/\/kktenis.pl\/kkt\/"},{"@type":"ListItem","position":2,"name":"P\u00d3\u0141KOLONIE ZIMOWE W TENIS CLUBIE 2017"}]},{"@type":"WebSite","@id":"https:\/\/kktenis.pl\/kkt\/#website","url":"https:\/\/kktenis.pl\/kkt\/","name":"K\u0119dzierzy\u0144ski Klub Tenisowy","description":"Sklep - Wz\u00f3r instalacji sklepu","publisher":{"@id":"https:\/\/kktenis.pl\/kkt\/#organization"},"potentialAction":[{"@type":"SearchAction","target":{"@type":"EntryPoint","urlTemplate":"https:\/\/kktenis.pl\/kkt\/?s={search_term_string}"},"query-input":{"@type":"PropertyValueSpecification","valueRequired":true,"valueName":"search_term_string"}}],"inLanguage":"pl-PL"},{"@type":"Organization","@id":"https:\/\/kktenis.pl\/kkt\/#organization","name":"K\u0119dzierzy\u0144ski Klub Tenisowy","url":"https:\/\/kktenis.pl\/kkt\/","logo":{"@type":"ImageObject","inLanguage":"pl-PL","@id":"https:\/\/kktenis.pl\/kkt\/#\/schema\/logo\/image\/","url":"https:\/\/kktenis.pl\/kkt\/wp-content\/uploads\/2024\/01\/logo.png","contentUrl":"https:\/\/kktenis.pl\/kkt\/wp-content\/uploads\/2024\/01\/logo.png","width":133,"height":65,"caption":"K\u0119dzierzy\u0144ski Klub Tenisowy"},"image":{"@id":"https:\/\/kktenis.pl\/kkt\/#\/schema\/logo\/image\/"},"sameAs":["https:\/\/www.facebook.com\/TenisClubKedzierzynKozle\/?locale=pl_PL"]},{"@type":"Person","@id":"https:\/\/kktenis.pl\/kkt\/#\/schema\/person\/bd6440441f5e0b23af8b4a6ee381662a","name":"admin","image":{"@type":"ImageObject","inLanguage":"pl-PL","@id":"https:\/\/kktenis.pl\/kkt\/#\/schema\/person\/image\/","url":"https:\/\/secure.gravatar.com\/avatar\/6bcf2e82eaa35bbe6b20f786a9dd443d?s=96&d=mm&r=g","contentUrl":"https:\/\/secure.gravatar.com\/avatar\/6bcf2e82eaa35bbe6b20f786a9dd443d?s=96&d=mm&r=g","caption":"admin"},"sameAs":["https:\/\/kktenis.pl\/kkt"],"url":"https:\/\/kktenis.pl\/kkt\/author\/admin\/"}]}},"_links":{"self":[{"href":"https:\/\/kktenis.pl\/kkt\/wp-json\/wp\/v2\/posts\/3565","targetHints":{"allow":["GET"]}}],"collection":[{"href":"https:\/\/kktenis.pl\/kkt\/wp-json\/wp\/v2\/posts"}],"about":[{"href":"https:\/\/kktenis.pl\/kkt\/wp-json\/wp\/v2\/types\/post"}],"author":[{"embeddable":true,"href":"https:\/\/kktenis.pl\/kkt\/wp-json\/wp\/v2\/users\/1"}],"replies":[{"embeddable":true,"href":"https:\/\/kktenis.pl\/kkt\/wp-json\/wp\/v2\/comments?post=3565"}],"version-history":[{"count":1,"href":"https:\/\/kktenis.pl\/kkt\/wp-json\/wp\/v2\/posts\/3565\/revisions"}],"predecessor-version":[{"id":3908,"href":"https:\/\/kktenis.pl\/kkt\/wp-json\/wp\/v2\/posts\/3565\/revisions\/3908"}],"wp:featuredmedia":[{"embeddable":true,"href":"https:\/\/kktenis.pl\/kkt\/wp-json\/wp\/v2\/media\/3566"}],"wp:attachment":[{"href":"https:\/\/kktenis.pl\/kkt\/wp-json\/wp\/v2\/media?parent=3565"}],"wp:term":[{"taxonomy":"category","embeddable":true,"href":"https:\/\/kktenis.pl\/kkt\/wp-json\/wp\/v2\/categories?post=3565"},{"taxonomy":"post_tag","embeddable":true,"href":"https:\/\/kktenis.pl\/kkt\/wp-json\/wp\/v2\/tags?post=3565"}],"curies":[{"name":"wp","href":"https:\/\/api.w.org\/{rel}","templated":true}]}}