{"id":3424,"date":"2018-09-22T17:41:38","date_gmt":"2018-09-22T15:41:38","guid":{"rendered":"https:\/\/kktenis.pl\/kkt\/szkolki-tenisowe-dla-dzieci-mlodziezy-oraz-doroslych-nabor-2018-19\/"},"modified":"2024-01-19T10:10:38","modified_gmt":"2024-01-19T09:10:38","slug":"szkolki-tenisowe-dla-dzieci-mlodziezy-oraz-doroslych-nabor-2018-19","status":"publish","type":"post","link":"https:\/\/kktenis.pl\/kkt\/szkolki-tenisowe-dla-dzieci-mlodziezy-oraz-doroslych-nabor-2018-19\/","title":{"rendered":"Szk\u00f3lki tenisowe dla dzieci, m\u0142odzie\u017cy oraz doros\u0142ych &#8211; Nab\u00f3r 2018\/19"},"content":{"rendered":"<p>Witamy!<br \/>W poniedzia\u0142ek 17 wrze\u015bnia rozpocz\u0119li\u015bmy zaj\u0119cia tenisowe dla dzieci, we wtorek ruszaj\u0105 pozosta\u0142e grupy.<br \/>Do ko\u0144ca wrze\u015bnia jest mo\u017cliwo\u015b\u0107 do\u0142\u0105czenia do grup podanych poni\u017cej.<br \/>Zapraszamy serdecznie osoby nowe, kt\u00f3re pragn\u0105 rozpocz\u0105\u0107 przygod\u0119 z Tenisem.<\/p>\n<p>Zaj\u0119cia zaplanowane s\u0105, w nast\u0119puj\u0105cych dniach i godzinach:<\/p>\n<p>PONIEDZIA\u0141EK<br \/>godz. 16:00 GRUPA NIEBIESKA (4-5 lat )<br \/>godz. 17:00 GRUPA CZERWONA ( 6-7 *)<\/p>\n<p>WTOREK<br \/>godz. 18:00 GRUPA CZERWONA ( 6-7* )<br \/>godz 19:00 GRUPA ZIELONA (10-12 LAT*)<br \/>godz. 20:00 GRUPA DORO\u015aLI<\/p>\n<p>\u015aRODA<br \/>godz. 16:00 GRUPA NIEBIESKA (4-5 lat )<br \/>godz. 17:00 GRUPA CZERWONA ( 6-7 *)<\/p>\n<p>CZWARTEK<br \/>godz. 16:00 GRUPA CZERWONA ( 6-7* )<br \/>godz 17:00 GRUPA ZIELONA (10-12 LAT*)<br \/>godz. 19:00 GRUPA DORO\u015aLI<\/p>\n<p>Dzi\u0119kujemy za udzia\u0142, zaufanie, wytrwa\u0142o\u015b\u0107 wi\u0119kszo\u015bci dzieci i rodzic\u00f3w kt\u00f3rzy trenuj\u0105 z nami ju\u017c kolejny rok z rz\u0119du.<br \/>Informacje, na temat szk\u00f3\u0142ek dla dzieci, m\u0142odzie\u017cy i doros\u0142ych otrzymaj\u0105 Pa\u0144stwo pod numerem telefonu, podanym poni\u017cej, w razie zainteresowania prosimy o kontakt telefoniczny.<br \/>Tenis Club<br \/>Wies\u0142awa Bandurowska kom. 608 454 230<\/p>\n<p><img fetchpriority=\"high\" decoding=\"async\" class=\" size-full wp-image-1194\" src=\"https:\/\/apbrzozowskiego.pl\/wordpress\/wp-content\/uploads\/2018\/09\/40875988_2142578542625941_703844663349477376_n.jpg\" alt=\"40875988 2142578542625941 703844663349477376 n\" width=\"420\" height=\"247\" \/><\/p>\n","protected":false},"excerpt":{"rendered":"<p>Witamy!W poniedzia\u0142ek 17 wrze\u015bnia rozpocz\u0119li\u015bmy zaj\u0119cia tenisowe dla dzieci, we wtorek ruszaj\u0105 pozosta\u0142e grupy.Do ko\u0144ca wrze\u015bnia jest mo\u017cliwo\u015b\u0107 do\u0142\u0105czenia do grup podanych poni\u017cej.Zapraszamy serdecznie osoby nowe, kt\u00f3re pragn\u0105 rozpocz\u0105\u0107 przygod\u0119 z Tenisem. Zaj\u0119cia zaplanowane s\u0105, w nast\u0119puj\u0105cych dniach i godzinach: PONIEDZIA\u0141EKgodz. 16:00 GRUPA NIEBIESKA (4-5 lat )godz. 17:00 GRUPA CZERWONA ( 6-7 *) WTOREKgodz. 18:00 [&hellip;]<\/p>\n","protected":false},"author":1,"featured_media":3425,"comment_status":"closed","ping_status":"closed","sticky":false,"template":"","format":"standard","meta":{"footnotes":""},"categories":[1,29],"tags":[33],"class_list":["post-3424","post","type-post","status-publish","format-standard","has-post-thumbnail","hentry","category-bez-kategorii","category-glowna","tag-taxonomy-post_tag"],"yoast_head":"<!-- This site is optimized with the Yoast SEO plugin v26.1.1 - https:\/\/yoast.com\/wordpress\/plugins\/seo\/ -->\n<title>Szk\u00f3lki tenisowe dla dzieci, m\u0142odzie\u017cy oraz doros\u0142ych - Nab\u00f3r 2018\/19 - K\u0119dzierzy\u0144ski Klub Tenisowy<\/title>\n<meta name=\"robots\" content=\"index, follow, max-snippet:-1, max-image-preview:large, max-video-preview:-1\" \/>\n<link rel=\"canonical\" href=\"https:\/\/kktenis.pl\/kkt\/szkolki-tenisowe-dla-dzieci-mlodziezy-oraz-doroslych-nabor-2018-19\/\" \/>\n<meta property=\"og:locale\" content=\"pl_PL\" \/>\n<meta property=\"og:type\" content=\"article\" \/>\n<meta property=\"og:title\" content=\"Szk\u00f3lki tenisowe dla dzieci, m\u0142odzie\u017cy oraz doros\u0142ych - Nab\u00f3r 2018\/19 - K\u0119dzierzy\u0144ski Klub Tenisowy\" \/>\n<meta property=\"og:description\" content=\"Witamy!W poniedzia\u0142ek 17 wrze\u015bnia rozpocz\u0119li\u015bmy zaj\u0119cia tenisowe dla dzieci, we wtorek ruszaj\u0105 pozosta\u0142e grupy.Do ko\u0144ca wrze\u015bnia jest mo\u017cliwo\u015b\u0107 do\u0142\u0105czenia do grup podanych poni\u017cej.Zapraszamy serdecznie osoby nowe, kt\u00f3re pragn\u0105 rozpocz\u0105\u0107 przygod\u0119 z Tenisem. Zaj\u0119cia zaplanowane s\u0105, w nast\u0119puj\u0105cych dniach i godzinach: PONIEDZIA\u0141EKgodz. 16:00 GRUPA NIEBIESKA (4-5 lat )godz. 17:00 GRUPA CZERWONA ( 6-7 *) WTOREKgodz. 18:00 [&hellip;]\" \/>\n<meta property=\"og:url\" content=\"https:\/\/kktenis.pl\/kkt\/szkolki-tenisowe-dla-dzieci-mlodziezy-oraz-doroslych-nabor-2018-19\/\" \/>\n<meta property=\"og:site_name\" content=\"K\u0119dzierzy\u0144ski Klub Tenisowy\" \/>\n<meta property=\"article:publisher\" content=\"https:\/\/www.facebook.com\/TenisClubKedzierzynKozle\/?locale=pl_PL\" \/>\n<meta property=\"article:published_time\" content=\"2018-09-22T15:41:38+00:00\" \/>\n<meta property=\"article:modified_time\" content=\"2024-01-19T09:10:38+00:00\" \/>\n<meta property=\"og:image\" content=\"https:\/\/kktenis.pl\/kkt\/wp-content\/uploads\/2024\/01\/40875988_2142578542625941_703844663349477376_n-3.jpg\" \/>\n\t<meta property=\"og:image:width\" content=\"420\" \/>\n\t<meta property=\"og:image:height\" content=\"247\" \/>\n\t<meta property=\"og:image:type\" content=\"image\/jpeg\" \/>\n<meta name=\"author\" content=\"admin\" \/>\n<meta name=\"twitter:card\" content=\"summary_large_image\" \/>\n<meta name=\"twitter:label1\" content=\"Napisane przez\" \/>\n\t<meta name=\"twitter:data1\" content=\"admin\" \/>\n\t<meta name=\"twitter:label2\" content=\"Szacowany czas czytania\" \/>\n\t<meta name=\"twitter:data2\" content=\"1 minuta\" \/>\n<script type=\"application\/ld+json\" class=\"yoast-schema-graph\">{\"@context\":\"https:\/\/schema.org\",\"@graph\":[{\"@type\":\"Article\",\"@id\":\"https:\/\/kktenis.pl\/kkt\/szkolki-tenisowe-dla-dzieci-mlodziezy-oraz-doroslych-nabor-2018-19\/#article\",\"isPartOf\":{\"@id\":\"https:\/\/kktenis.pl\/kkt\/szkolki-tenisowe-dla-dzieci-mlodziezy-oraz-doroslych-nabor-2018-19\/\"},\"author\":{\"name\":\"admin\",\"@id\":\"https:\/\/kktenis.pl\/kkt\/#\/schema\/person\/bd6440441f5e0b23af8b4a6ee381662a\"},\"headline\":\"Szk\u00f3lki tenisowe dla dzieci, m\u0142odzie\u017cy oraz doros\u0142ych &#8211; Nab\u00f3r 2018\/19\",\"datePublished\":\"2018-09-22T15:41:38+00:00\",\"dateModified\":\"2024-01-19T09:10:38+00:00\",\"mainEntityOfPage\":{\"@id\":\"https:\/\/kktenis.pl\/kkt\/szkolki-tenisowe-dla-dzieci-mlodziezy-oraz-doroslych-nabor-2018-19\/\"},\"wordCount\":175,\"publisher\":{\"@id\":\"https:\/\/kktenis.pl\/kkt\/#organization\"},\"image\":{\"@id\":\"https:\/\/kktenis.pl\/kkt\/szkolki-tenisowe-dla-dzieci-mlodziezy-oraz-doroslych-nabor-2018-19\/#primaryimage\"},\"thumbnailUrl\":\"https:\/\/kktenis.pl\/kkt\/wp-content\/uploads\/2024\/01\/40875988_2142578542625941_703844663349477376_n-3.jpg\",\"keywords\":[\"{Taxonomy: post_tag}\"],\"articleSection\":{\"1\":\"G\u0142\u00f3wna\"},\"inLanguage\":\"pl-PL\"},{\"@type\":\"WebPage\",\"@id\":\"https:\/\/kktenis.pl\/kkt\/szkolki-tenisowe-dla-dzieci-mlodziezy-oraz-doroslych-nabor-2018-19\/\",\"url\":\"https:\/\/kktenis.pl\/kkt\/szkolki-tenisowe-dla-dzieci-mlodziezy-oraz-doroslych-nabor-2018-19\/\",\"name\":\"Szk\u00f3lki tenisowe dla dzieci, m\u0142odzie\u017cy oraz doros\u0142ych - Nab\u00f3r 2018\/19 - K\u0119dzierzy\u0144ski Klub Tenisowy\",\"isPartOf\":{\"@id\":\"https:\/\/kktenis.pl\/kkt\/#website\"},\"primaryImageOfPage\":{\"@id\":\"https:\/\/kktenis.pl\/kkt\/szkolki-tenisowe-dla-dzieci-mlodziezy-oraz-doroslych-nabor-2018-19\/#primaryimage\"},\"image\":{\"@id\":\"https:\/\/kktenis.pl\/kkt\/szkolki-tenisowe-dla-dzieci-mlodziezy-oraz-doroslych-nabor-2018-19\/#primaryimage\"},\"thumbnailUrl\":\"https:\/\/kktenis.pl\/kkt\/wp-content\/uploads\/2024\/01\/40875988_2142578542625941_703844663349477376_n-3.jpg\",\"datePublished\":\"2018-09-22T15:41:38+00:00\",\"dateModified\":\"2024-01-19T09:10:38+00:00\",\"breadcrumb\":{\"@id\":\"https:\/\/kktenis.pl\/kkt\/szkolki-tenisowe-dla-dzieci-mlodziezy-oraz-doroslych-nabor-2018-19\/#breadcrumb\"},\"inLanguage\":\"pl-PL\",\"potentialAction\":[{\"@type\":\"ReadAction\",\"target\":[\"https:\/\/kktenis.pl\/kkt\/szkolki-tenisowe-dla-dzieci-mlodziezy-oraz-doroslych-nabor-2018-19\/\"]}]},{\"@type\":\"ImageObject\",\"inLanguage\":\"pl-PL\",\"@id\":\"https:\/\/kktenis.pl\/kkt\/szkolki-tenisowe-dla-dzieci-mlodziezy-oraz-doroslych-nabor-2018-19\/#primaryimage\",\"url\":\"https:\/\/kktenis.pl\/kkt\/wp-content\/uploads\/2024\/01\/40875988_2142578542625941_703844663349477376_n-3.jpg\",\"contentUrl\":\"https:\/\/kktenis.pl\/kkt\/wp-content\/uploads\/2024\/01\/40875988_2142578542625941_703844663349477376_n-3.jpg\",\"width\":420,\"height\":247},{\"@type\":\"BreadcrumbList\",\"@id\":\"https:\/\/kktenis.pl\/kkt\/szkolki-tenisowe-dla-dzieci-mlodziezy-oraz-doroslych-nabor-2018-19\/#breadcrumb\",\"itemListElement\":[{\"@type\":\"ListItem\",\"position\":1,\"name\":\"Strona g\u0142\u00f3wna\",\"item\":\"https:\/\/kktenis.pl\/kkt\/\"},{\"@type\":\"ListItem\",\"position\":2,\"name\":\"Szk\u00f3lki tenisowe dla dzieci, m\u0142odzie\u017cy oraz doros\u0142ych &#8211; Nab\u00f3r 2018\/19\"}]},{\"@type\":\"WebSite\",\"@id\":\"https:\/\/kktenis.pl\/kkt\/#website\",\"url\":\"https:\/\/kktenis.pl\/kkt\/\",\"name\":\"K\u0119dzierzy\u0144ski Klub Tenisowy\",\"description\":\"Sklep - Wz\u00f3r instalacji sklepu\",\"publisher\":{\"@id\":\"https:\/\/kktenis.pl\/kkt\/#organization\"},\"potentialAction\":[{\"@type\":\"SearchAction\",\"target\":{\"@type\":\"EntryPoint\",\"urlTemplate\":\"https:\/\/kktenis.pl\/kkt\/?s={search_term_string}\"},\"query-input\":{\"@type\":\"PropertyValueSpecification\",\"valueRequired\":true,\"valueName\":\"search_term_string\"}}],\"inLanguage\":\"pl-PL\"},{\"@type\":\"Organization\",\"@id\":\"https:\/\/kktenis.pl\/kkt\/#organization\",\"name\":\"K\u0119dzierzy\u0144ski Klub Tenisowy\",\"url\":\"https:\/\/kktenis.pl\/kkt\/\",\"logo\":{\"@type\":\"ImageObject\",\"inLanguage\":\"pl-PL\",\"@id\":\"https:\/\/kktenis.pl\/kkt\/#\/schema\/logo\/image\/\",\"url\":\"https:\/\/kktenis.pl\/kkt\/wp-content\/uploads\/2024\/01\/logo.png\",\"contentUrl\":\"https:\/\/kktenis.pl\/kkt\/wp-content\/uploads\/2024\/01\/logo.png\",\"width\":133,\"height\":65,\"caption\":\"K\u0119dzierzy\u0144ski Klub Tenisowy\"},\"image\":{\"@id\":\"https:\/\/kktenis.pl\/kkt\/#\/schema\/logo\/image\/\"},\"sameAs\":[\"https:\/\/www.facebook.com\/TenisClubKedzierzynKozle\/?locale=pl_PL\"]},{\"@type\":\"Person\",\"@id\":\"https:\/\/kktenis.pl\/kkt\/#\/schema\/person\/bd6440441f5e0b23af8b4a6ee381662a\",\"name\":\"admin\",\"image\":{\"@type\":\"ImageObject\",\"inLanguage\":\"pl-PL\",\"@id\":\"https:\/\/kktenis.pl\/kkt\/#\/schema\/person\/image\/\",\"url\":\"https:\/\/secure.gravatar.com\/avatar\/6bcf2e82eaa35bbe6b20f786a9dd443d?s=96&d=mm&r=g\",\"contentUrl\":\"https:\/\/secure.gravatar.com\/avatar\/6bcf2e82eaa35bbe6b20f786a9dd443d?s=96&d=mm&r=g\",\"caption\":\"admin\"},\"sameAs\":[\"https:\/\/kktenis.pl\/kkt\"],\"url\":\"https:\/\/kktenis.pl\/kkt\/author\/admin\/\"}]}<\/script>\n<!-- \/ Yoast SEO plugin. -->","yoast_head_json":{"title":"Szk\u00f3lki tenisowe dla dzieci, m\u0142odzie\u017cy oraz doros\u0142ych - Nab\u00f3r 2018\/19 - K\u0119dzierzy\u0144ski Klub Tenisowy","robots":{"index":"index","follow":"follow","max-snippet":"max-snippet:-1","max-image-preview":"max-image-preview:large","max-video-preview":"max-video-preview:-1"},"canonical":"https:\/\/kktenis.pl\/kkt\/szkolki-tenisowe-dla-dzieci-mlodziezy-oraz-doroslych-nabor-2018-19\/","og_locale":"pl_PL","og_type":"article","og_title":"Szk\u00f3lki tenisowe dla dzieci, m\u0142odzie\u017cy oraz doros\u0142ych - Nab\u00f3r 2018\/19 - K\u0119dzierzy\u0144ski Klub Tenisowy","og_description":"Witamy!W poniedzia\u0142ek 17 wrze\u015bnia rozpocz\u0119li\u015bmy zaj\u0119cia tenisowe dla dzieci, we wtorek ruszaj\u0105 pozosta\u0142e grupy.Do ko\u0144ca wrze\u015bnia jest mo\u017cliwo\u015b\u0107 do\u0142\u0105czenia do grup podanych poni\u017cej.Zapraszamy serdecznie osoby nowe, kt\u00f3re pragn\u0105 rozpocz\u0105\u0107 przygod\u0119 z Tenisem. Zaj\u0119cia zaplanowane s\u0105, w nast\u0119puj\u0105cych dniach i godzinach: PONIEDZIA\u0141EKgodz. 16:00 GRUPA NIEBIESKA (4-5 lat )godz. 17:00 GRUPA CZERWONA ( 6-7 *) WTOREKgodz. 18:00 [&hellip;]","og_url":"https:\/\/kktenis.pl\/kkt\/szkolki-tenisowe-dla-dzieci-mlodziezy-oraz-doroslych-nabor-2018-19\/","og_site_name":"K\u0119dzierzy\u0144ski Klub Tenisowy","article_publisher":"https:\/\/www.facebook.com\/TenisClubKedzierzynKozle\/?locale=pl_PL","article_published_time":"2018-09-22T15:41:38+00:00","article_modified_time":"2024-01-19T09:10:38+00:00","og_image":[{"width":420,"height":247,"url":"https:\/\/kktenis.pl\/kkt\/wp-content\/uploads\/2024\/01\/40875988_2142578542625941_703844663349477376_n-3.jpg","type":"image\/jpeg"}],"author":"admin","twitter_card":"summary_large_image","twitter_misc":{"Napisane przez":"admin","Szacowany czas czytania":"1 minuta"},"schema":{"@context":"https:\/\/schema.org","@graph":[{"@type":"Article","@id":"https:\/\/kktenis.pl\/kkt\/szkolki-tenisowe-dla-dzieci-mlodziezy-oraz-doroslych-nabor-2018-19\/#article","isPartOf":{"@id":"https:\/\/kktenis.pl\/kkt\/szkolki-tenisowe-dla-dzieci-mlodziezy-oraz-doroslych-nabor-2018-19\/"},"author":{"name":"admin","@id":"https:\/\/kktenis.pl\/kkt\/#\/schema\/person\/bd6440441f5e0b23af8b4a6ee381662a"},"headline":"Szk\u00f3lki tenisowe dla dzieci, m\u0142odzie\u017cy oraz doros\u0142ych &#8211; Nab\u00f3r 2018\/19","datePublished":"2018-09-22T15:41:38+00:00","dateModified":"2024-01-19T09:10:38+00:00","mainEntityOfPage":{"@id":"https:\/\/kktenis.pl\/kkt\/szkolki-tenisowe-dla-dzieci-mlodziezy-oraz-doroslych-nabor-2018-19\/"},"wordCount":175,"publisher":{"@id":"https:\/\/kktenis.pl\/kkt\/#organization"},"image":{"@id":"https:\/\/kktenis.pl\/kkt\/szkolki-tenisowe-dla-dzieci-mlodziezy-oraz-doroslych-nabor-2018-19\/#primaryimage"},"thumbnailUrl":"https:\/\/kktenis.pl\/kkt\/wp-content\/uploads\/2024\/01\/40875988_2142578542625941_703844663349477376_n-3.jpg","keywords":["{Taxonomy: post_tag}"],"articleSection":{"1":"G\u0142\u00f3wna"},"inLanguage":"pl-PL"},{"@type":"WebPage","@id":"https:\/\/kktenis.pl\/kkt\/szkolki-tenisowe-dla-dzieci-mlodziezy-oraz-doroslych-nabor-2018-19\/","url":"https:\/\/kktenis.pl\/kkt\/szkolki-tenisowe-dla-dzieci-mlodziezy-oraz-doroslych-nabor-2018-19\/","name":"Szk\u00f3lki tenisowe dla dzieci, m\u0142odzie\u017cy oraz doros\u0142ych - Nab\u00f3r 2018\/19 - K\u0119dzierzy\u0144ski Klub Tenisowy","isPartOf":{"@id":"https:\/\/kktenis.pl\/kkt\/#website"},"primaryImageOfPage":{"@id":"https:\/\/kktenis.pl\/kkt\/szkolki-tenisowe-dla-dzieci-mlodziezy-oraz-doroslych-nabor-2018-19\/#primaryimage"},"image":{"@id":"https:\/\/kktenis.pl\/kkt\/szkolki-tenisowe-dla-dzieci-mlodziezy-oraz-doroslych-nabor-2018-19\/#primaryimage"},"thumbnailUrl":"https:\/\/kktenis.pl\/kkt\/wp-content\/uploads\/2024\/01\/40875988_2142578542625941_703844663349477376_n-3.jpg","datePublished":"2018-09-22T15:41:38+00:00","dateModified":"2024-01-19T09:10:38+00:00","breadcrumb":{"@id":"https:\/\/kktenis.pl\/kkt\/szkolki-tenisowe-dla-dzieci-mlodziezy-oraz-doroslych-nabor-2018-19\/#breadcrumb"},"inLanguage":"pl-PL","potentialAction":[{"@type":"ReadAction","target":["https:\/\/kktenis.pl\/kkt\/szkolki-tenisowe-dla-dzieci-mlodziezy-oraz-doroslych-nabor-2018-19\/"]}]},{"@type":"ImageObject","inLanguage":"pl-PL","@id":"https:\/\/kktenis.pl\/kkt\/szkolki-tenisowe-dla-dzieci-mlodziezy-oraz-doroslych-nabor-2018-19\/#primaryimage","url":"https:\/\/kktenis.pl\/kkt\/wp-content\/uploads\/2024\/01\/40875988_2142578542625941_703844663349477376_n-3.jpg","contentUrl":"https:\/\/kktenis.pl\/kkt\/wp-content\/uploads\/2024\/01\/40875988_2142578542625941_703844663349477376_n-3.jpg","width":420,"height":247},{"@type":"BreadcrumbList","@id":"https:\/\/kktenis.pl\/kkt\/szkolki-tenisowe-dla-dzieci-mlodziezy-oraz-doroslych-nabor-2018-19\/#breadcrumb","itemListElement":[{"@type":"ListItem","position":1,"name":"Strona g\u0142\u00f3wna","item":"https:\/\/kktenis.pl\/kkt\/"},{"@type":"ListItem","position":2,"name":"Szk\u00f3lki tenisowe dla dzieci, m\u0142odzie\u017cy oraz doros\u0142ych &#8211; Nab\u00f3r 2018\/19"}]},{"@type":"WebSite","@id":"https:\/\/kktenis.pl\/kkt\/#website","url":"https:\/\/kktenis.pl\/kkt\/","name":"K\u0119dzierzy\u0144ski Klub Tenisowy","description":"Sklep - Wz\u00f3r instalacji sklepu","publisher":{"@id":"https:\/\/kktenis.pl\/kkt\/#organization"},"potentialAction":[{"@type":"SearchAction","target":{"@type":"EntryPoint","urlTemplate":"https:\/\/kktenis.pl\/kkt\/?s={search_term_string}"},"query-input":{"@type":"PropertyValueSpecification","valueRequired":true,"valueName":"search_term_string"}}],"inLanguage":"pl-PL"},{"@type":"Organization","@id":"https:\/\/kktenis.pl\/kkt\/#organization","name":"K\u0119dzierzy\u0144ski Klub Tenisowy","url":"https:\/\/kktenis.pl\/kkt\/","logo":{"@type":"ImageObject","inLanguage":"pl-PL","@id":"https:\/\/kktenis.pl\/kkt\/#\/schema\/logo\/image\/","url":"https:\/\/kktenis.pl\/kkt\/wp-content\/uploads\/2024\/01\/logo.png","contentUrl":"https:\/\/kktenis.pl\/kkt\/wp-content\/uploads\/2024\/01\/logo.png","width":133,"height":65,"caption":"K\u0119dzierzy\u0144ski Klub Tenisowy"},"image":{"@id":"https:\/\/kktenis.pl\/kkt\/#\/schema\/logo\/image\/"},"sameAs":["https:\/\/www.facebook.com\/TenisClubKedzierzynKozle\/?locale=pl_PL"]},{"@type":"Person","@id":"https:\/\/kktenis.pl\/kkt\/#\/schema\/person\/bd6440441f5e0b23af8b4a6ee381662a","name":"admin","image":{"@type":"ImageObject","inLanguage":"pl-PL","@id":"https:\/\/kktenis.pl\/kkt\/#\/schema\/person\/image\/","url":"https:\/\/secure.gravatar.com\/avatar\/6bcf2e82eaa35bbe6b20f786a9dd443d?s=96&d=mm&r=g","contentUrl":"https:\/\/secure.gravatar.com\/avatar\/6bcf2e82eaa35bbe6b20f786a9dd443d?s=96&d=mm&r=g","caption":"admin"},"sameAs":["https:\/\/kktenis.pl\/kkt"],"url":"https:\/\/kktenis.pl\/kkt\/author\/admin\/"}]}},"_links":{"self":[{"href":"https:\/\/kktenis.pl\/kkt\/wp-json\/wp\/v2\/posts\/3424","targetHints":{"allow":["GET"]}}],"collection":[{"href":"https:\/\/kktenis.pl\/kkt\/wp-json\/wp\/v2\/posts"}],"about":[{"href":"https:\/\/kktenis.pl\/kkt\/wp-json\/wp\/v2\/types\/post"}],"author":[{"embeddable":true,"href":"https:\/\/kktenis.pl\/kkt\/wp-json\/wp\/v2\/users\/1"}],"replies":[{"embeddable":true,"href":"https:\/\/kktenis.pl\/kkt\/wp-json\/wp\/v2\/comments?post=3424"}],"version-history":[{"count":1,"href":"https:\/\/kktenis.pl\/kkt\/wp-json\/wp\/v2\/posts\/3424\/revisions"}],"predecessor-version":[{"id":3937,"href":"https:\/\/kktenis.pl\/kkt\/wp-json\/wp\/v2\/posts\/3424\/revisions\/3937"}],"wp:featuredmedia":[{"embeddable":true,"href":"https:\/\/kktenis.pl\/kkt\/wp-json\/wp\/v2\/media\/3425"}],"wp:attachment":[{"href":"https:\/\/kktenis.pl\/kkt\/wp-json\/wp\/v2\/media?parent=3424"}],"wp:term":[{"taxonomy":"category","embeddable":true,"href":"https:\/\/kktenis.pl\/kkt\/wp-json\/wp\/v2\/categories?post=3424"},{"taxonomy":"post_tag","embeddable":true,"href":"https:\/\/kktenis.pl\/kkt\/wp-json\/wp\/v2\/tags?post=3424"}],"curies":[{"name":"wp","href":"https:\/\/api.w.org\/{rel}","templated":true}]}}