{"id":3412,"date":"2018-11-12T09:37:29","date_gmt":"2018-11-12T08:37:29","guid":{"rendered":"https:\/\/kktenis.pl\/kkt\/sylwester-z-leszkiem-sidorem-2018-19\/"},"modified":"2024-01-19T10:10:38","modified_gmt":"2024-01-19T09:10:38","slug":"sylwester-z-leszkiem-sidorem-2018-19","status":"publish","type":"post","link":"https:\/\/kktenis.pl\/kkt\/sylwester-z-leszkiem-sidorem-2018-19\/","title":{"rendered":"Sylwester z Leszkiem Sidorem 2018\/19"},"content":{"rendered":"<p>Zapraszamy, na sylwestrowo &#8211; tenisowe wydarzenie, wszystkich sympatyk\u00f3w, pasjonat\u00f3w, przyjaci\u00f3\u0142 tenisa! Postaramy si\u0119, jak zawsze, aby to spotkanie by\u0142o wyj\u0105tkowe!<\/p>\n<p><a href=\"https:\/\/pl.wikipedia.org\/wiki\/Lech_Sidor\">LECH SIDOR <\/a><\/p>\n<p>Obecno\u015b\u0107 Leszka Sidora gwarantuje prawdziwy wycisk na korcie i nie tylko. Turnus zaplanowany jest, tylko dla 8 os\u00f3b bior\u0105cych udzia\u0142 w treningach, nie licz\u0105c os\u00f3b towarzysz\u0105cych oraz dzieci!<\/p>\n<p>Osoby zainteresowane prosz\u0119 o kontakt kom. 608 454 230.<\/p>\n<p>Warte zainteresowania.<br \/>Pozdrawiamy serdecznie!<\/p>\n<p><img fetchpriority=\"high\" decoding=\"async\" class=\" size-full wp-image-1225\" src=\"https:\/\/apbrzozowskiego.pl\/wordpress\/wp-content\/uploads\/2018\/11\/sylwester_2018.jpg\" alt=\"sylwester 2018\" width=\"320\" height=\"525\" \/><\/p>\n<p>\u00a0<\/p>\n","protected":false},"excerpt":{"rendered":"<p>Zapraszamy, na sylwestrowo &#8211; tenisowe wydarzenie, wszystkich sympatyk\u00f3w, pasjonat\u00f3w, przyjaci\u00f3\u0142 tenisa! Postaramy si\u0119, jak zawsze, aby to spotkanie by\u0142o wyj\u0105tkowe! LECH SIDOR Obecno\u015b\u0107 Leszka Sidora gwarantuje prawdziwy wycisk na korcie i nie tylko. Turnus zaplanowany jest, tylko dla 8 os\u00f3b bior\u0105cych udzia\u0142 w treningach, nie licz\u0105c os\u00f3b towarzysz\u0105cych oraz dzieci! Osoby zainteresowane prosz\u0119 o kontakt [&hellip;]<\/p>\n","protected":false},"author":1,"featured_media":3413,"comment_status":"closed","ping_status":"closed","sticky":false,"template":"","format":"standard","meta":{"footnotes":""},"categories":[1,29],"tags":[33],"class_list":["post-3412","post","type-post","status-publish","format-standard","has-post-thumbnail","hentry","category-bez-kategorii","category-glowna","tag-taxonomy-post_tag"],"yoast_head":"<!-- This site is optimized with the Yoast SEO plugin v26.1.1 - https:\/\/yoast.com\/wordpress\/plugins\/seo\/ -->\n<title>Sylwester z Leszkiem Sidorem 2018\/19 - K\u0119dzierzy\u0144ski Klub Tenisowy<\/title>\n<meta name=\"robots\" content=\"index, follow, max-snippet:-1, max-image-preview:large, max-video-preview:-1\" \/>\n<link rel=\"canonical\" href=\"https:\/\/kktenis.pl\/kkt\/sylwester-z-leszkiem-sidorem-2018-19\/\" \/>\n<meta property=\"og:locale\" content=\"pl_PL\" \/>\n<meta property=\"og:type\" content=\"article\" \/>\n<meta property=\"og:title\" content=\"Sylwester z Leszkiem Sidorem 2018\/19 - K\u0119dzierzy\u0144ski Klub Tenisowy\" \/>\n<meta property=\"og:description\" content=\"Zapraszamy, na sylwestrowo &#8211; tenisowe wydarzenie, wszystkich sympatyk\u00f3w, pasjonat\u00f3w, przyjaci\u00f3\u0142 tenisa! Postaramy si\u0119, jak zawsze, aby to spotkanie by\u0142o wyj\u0105tkowe! LECH SIDOR Obecno\u015b\u0107 Leszka Sidora gwarantuje prawdziwy wycisk na korcie i nie tylko. Turnus zaplanowany jest, tylko dla 8 os\u00f3b bior\u0105cych udzia\u0142 w treningach, nie licz\u0105c os\u00f3b towarzysz\u0105cych oraz dzieci! Osoby zainteresowane prosz\u0119 o kontakt [&hellip;]\" \/>\n<meta property=\"og:url\" content=\"https:\/\/kktenis.pl\/kkt\/sylwester-z-leszkiem-sidorem-2018-19\/\" \/>\n<meta property=\"og:site_name\" content=\"K\u0119dzierzy\u0144ski Klub Tenisowy\" \/>\n<meta property=\"article:publisher\" content=\"https:\/\/www.facebook.com\/TenisClubKedzierzynKozle\/?locale=pl_PL\" \/>\n<meta property=\"article:published_time\" content=\"2018-11-12T08:37:29+00:00\" \/>\n<meta property=\"article:modified_time\" content=\"2024-01-19T09:10:38+00:00\" \/>\n<meta property=\"og:image\" content=\"https:\/\/kktenis.pl\/kkt\/wp-content\/uploads\/2024\/01\/sylwester_2018-3.jpg\" \/>\n\t<meta property=\"og:image:width\" content=\"320\" \/>\n\t<meta property=\"og:image:height\" content=\"525\" \/>\n\t<meta property=\"og:image:type\" content=\"image\/jpeg\" \/>\n<meta name=\"author\" content=\"admin\" \/>\n<meta name=\"twitter:card\" content=\"summary_large_image\" \/>\n<meta name=\"twitter:label1\" content=\"Napisane przez\" \/>\n\t<meta name=\"twitter:data1\" content=\"admin\" \/>\n<script type=\"application\/ld+json\" class=\"yoast-schema-graph\">{\"@context\":\"https:\/\/schema.org\",\"@graph\":[{\"@type\":\"Article\",\"@id\":\"https:\/\/kktenis.pl\/kkt\/sylwester-z-leszkiem-sidorem-2018-19\/#article\",\"isPartOf\":{\"@id\":\"https:\/\/kktenis.pl\/kkt\/sylwester-z-leszkiem-sidorem-2018-19\/\"},\"author\":{\"name\":\"admin\",\"@id\":\"https:\/\/kktenis.pl\/kkt\/#\/schema\/person\/bd6440441f5e0b23af8b4a6ee381662a\"},\"headline\":\"Sylwester z Leszkiem Sidorem 2018\/19\",\"datePublished\":\"2018-11-12T08:37:29+00:00\",\"dateModified\":\"2024-01-19T09:10:38+00:00\",\"mainEntityOfPage\":{\"@id\":\"https:\/\/kktenis.pl\/kkt\/sylwester-z-leszkiem-sidorem-2018-19\/\"},\"wordCount\":72,\"publisher\":{\"@id\":\"https:\/\/kktenis.pl\/kkt\/#organization\"},\"image\":{\"@id\":\"https:\/\/kktenis.pl\/kkt\/sylwester-z-leszkiem-sidorem-2018-19\/#primaryimage\"},\"thumbnailUrl\":\"https:\/\/kktenis.pl\/kkt\/wp-content\/uploads\/2024\/01\/sylwester_2018-3.jpg\",\"keywords\":[\"{Taxonomy: post_tag}\"],\"articleSection\":{\"1\":\"G\u0142\u00f3wna\"},\"inLanguage\":\"pl-PL\"},{\"@type\":\"WebPage\",\"@id\":\"https:\/\/kktenis.pl\/kkt\/sylwester-z-leszkiem-sidorem-2018-19\/\",\"url\":\"https:\/\/kktenis.pl\/kkt\/sylwester-z-leszkiem-sidorem-2018-19\/\",\"name\":\"Sylwester z Leszkiem Sidorem 2018\/19 - K\u0119dzierzy\u0144ski Klub Tenisowy\",\"isPartOf\":{\"@id\":\"https:\/\/kktenis.pl\/kkt\/#website\"},\"primaryImageOfPage\":{\"@id\":\"https:\/\/kktenis.pl\/kkt\/sylwester-z-leszkiem-sidorem-2018-19\/#primaryimage\"},\"image\":{\"@id\":\"https:\/\/kktenis.pl\/kkt\/sylwester-z-leszkiem-sidorem-2018-19\/#primaryimage\"},\"thumbnailUrl\":\"https:\/\/kktenis.pl\/kkt\/wp-content\/uploads\/2024\/01\/sylwester_2018-3.jpg\",\"datePublished\":\"2018-11-12T08:37:29+00:00\",\"dateModified\":\"2024-01-19T09:10:38+00:00\",\"breadcrumb\":{\"@id\":\"https:\/\/kktenis.pl\/kkt\/sylwester-z-leszkiem-sidorem-2018-19\/#breadcrumb\"},\"inLanguage\":\"pl-PL\",\"potentialAction\":[{\"@type\":\"ReadAction\",\"target\":[\"https:\/\/kktenis.pl\/kkt\/sylwester-z-leszkiem-sidorem-2018-19\/\"]}]},{\"@type\":\"ImageObject\",\"inLanguage\":\"pl-PL\",\"@id\":\"https:\/\/kktenis.pl\/kkt\/sylwester-z-leszkiem-sidorem-2018-19\/#primaryimage\",\"url\":\"https:\/\/kktenis.pl\/kkt\/wp-content\/uploads\/2024\/01\/sylwester_2018-3.jpg\",\"contentUrl\":\"https:\/\/kktenis.pl\/kkt\/wp-content\/uploads\/2024\/01\/sylwester_2018-3.jpg\",\"width\":320,\"height\":525},{\"@type\":\"BreadcrumbList\",\"@id\":\"https:\/\/kktenis.pl\/kkt\/sylwester-z-leszkiem-sidorem-2018-19\/#breadcrumb\",\"itemListElement\":[{\"@type\":\"ListItem\",\"position\":1,\"name\":\"Strona g\u0142\u00f3wna\",\"item\":\"https:\/\/kktenis.pl\/kkt\/\"},{\"@type\":\"ListItem\",\"position\":2,\"name\":\"Sylwester z Leszkiem Sidorem 2018\/19\"}]},{\"@type\":\"WebSite\",\"@id\":\"https:\/\/kktenis.pl\/kkt\/#website\",\"url\":\"https:\/\/kktenis.pl\/kkt\/\",\"name\":\"K\u0119dzierzy\u0144ski Klub Tenisowy\",\"description\":\"Sklep - Wz\u00f3r instalacji sklepu\",\"publisher\":{\"@id\":\"https:\/\/kktenis.pl\/kkt\/#organization\"},\"potentialAction\":[{\"@type\":\"SearchAction\",\"target\":{\"@type\":\"EntryPoint\",\"urlTemplate\":\"https:\/\/kktenis.pl\/kkt\/?s={search_term_string}\"},\"query-input\":{\"@type\":\"PropertyValueSpecification\",\"valueRequired\":true,\"valueName\":\"search_term_string\"}}],\"inLanguage\":\"pl-PL\"},{\"@type\":\"Organization\",\"@id\":\"https:\/\/kktenis.pl\/kkt\/#organization\",\"name\":\"K\u0119dzierzy\u0144ski Klub Tenisowy\",\"url\":\"https:\/\/kktenis.pl\/kkt\/\",\"logo\":{\"@type\":\"ImageObject\",\"inLanguage\":\"pl-PL\",\"@id\":\"https:\/\/kktenis.pl\/kkt\/#\/schema\/logo\/image\/\",\"url\":\"https:\/\/kktenis.pl\/kkt\/wp-content\/uploads\/2024\/01\/logo.png\",\"contentUrl\":\"https:\/\/kktenis.pl\/kkt\/wp-content\/uploads\/2024\/01\/logo.png\",\"width\":133,\"height\":65,\"caption\":\"K\u0119dzierzy\u0144ski Klub Tenisowy\"},\"image\":{\"@id\":\"https:\/\/kktenis.pl\/kkt\/#\/schema\/logo\/image\/\"},\"sameAs\":[\"https:\/\/www.facebook.com\/TenisClubKedzierzynKozle\/?locale=pl_PL\"]},{\"@type\":\"Person\",\"@id\":\"https:\/\/kktenis.pl\/kkt\/#\/schema\/person\/bd6440441f5e0b23af8b4a6ee381662a\",\"name\":\"admin\",\"image\":{\"@type\":\"ImageObject\",\"inLanguage\":\"pl-PL\",\"@id\":\"https:\/\/kktenis.pl\/kkt\/#\/schema\/person\/image\/\",\"url\":\"https:\/\/secure.gravatar.com\/avatar\/6bcf2e82eaa35bbe6b20f786a9dd443d?s=96&d=mm&r=g\",\"contentUrl\":\"https:\/\/secure.gravatar.com\/avatar\/6bcf2e82eaa35bbe6b20f786a9dd443d?s=96&d=mm&r=g\",\"caption\":\"admin\"},\"sameAs\":[\"https:\/\/kktenis.pl\/kkt\"],\"url\":\"https:\/\/kktenis.pl\/kkt\/author\/admin\/\"}]}<\/script>\n<!-- \/ Yoast SEO plugin. -->","yoast_head_json":{"title":"Sylwester z Leszkiem Sidorem 2018\/19 - K\u0119dzierzy\u0144ski Klub Tenisowy","robots":{"index":"index","follow":"follow","max-snippet":"max-snippet:-1","max-image-preview":"max-image-preview:large","max-video-preview":"max-video-preview:-1"},"canonical":"https:\/\/kktenis.pl\/kkt\/sylwester-z-leszkiem-sidorem-2018-19\/","og_locale":"pl_PL","og_type":"article","og_title":"Sylwester z Leszkiem Sidorem 2018\/19 - K\u0119dzierzy\u0144ski Klub Tenisowy","og_description":"Zapraszamy, na sylwestrowo &#8211; tenisowe wydarzenie, wszystkich sympatyk\u00f3w, pasjonat\u00f3w, przyjaci\u00f3\u0142 tenisa! Postaramy si\u0119, jak zawsze, aby to spotkanie by\u0142o wyj\u0105tkowe! LECH SIDOR Obecno\u015b\u0107 Leszka Sidora gwarantuje prawdziwy wycisk na korcie i nie tylko. Turnus zaplanowany jest, tylko dla 8 os\u00f3b bior\u0105cych udzia\u0142 w treningach, nie licz\u0105c os\u00f3b towarzysz\u0105cych oraz dzieci! Osoby zainteresowane prosz\u0119 o kontakt [&hellip;]","og_url":"https:\/\/kktenis.pl\/kkt\/sylwester-z-leszkiem-sidorem-2018-19\/","og_site_name":"K\u0119dzierzy\u0144ski Klub Tenisowy","article_publisher":"https:\/\/www.facebook.com\/TenisClubKedzierzynKozle\/?locale=pl_PL","article_published_time":"2018-11-12T08:37:29+00:00","article_modified_time":"2024-01-19T09:10:38+00:00","og_image":[{"width":320,"height":525,"url":"https:\/\/kktenis.pl\/kkt\/wp-content\/uploads\/2024\/01\/sylwester_2018-3.jpg","type":"image\/jpeg"}],"author":"admin","twitter_card":"summary_large_image","twitter_misc":{"Napisane przez":"admin"},"schema":{"@context":"https:\/\/schema.org","@graph":[{"@type":"Article","@id":"https:\/\/kktenis.pl\/kkt\/sylwester-z-leszkiem-sidorem-2018-19\/#article","isPartOf":{"@id":"https:\/\/kktenis.pl\/kkt\/sylwester-z-leszkiem-sidorem-2018-19\/"},"author":{"name":"admin","@id":"https:\/\/kktenis.pl\/kkt\/#\/schema\/person\/bd6440441f5e0b23af8b4a6ee381662a"},"headline":"Sylwester z Leszkiem Sidorem 2018\/19","datePublished":"2018-11-12T08:37:29+00:00","dateModified":"2024-01-19T09:10:38+00:00","mainEntityOfPage":{"@id":"https:\/\/kktenis.pl\/kkt\/sylwester-z-leszkiem-sidorem-2018-19\/"},"wordCount":72,"publisher":{"@id":"https:\/\/kktenis.pl\/kkt\/#organization"},"image":{"@id":"https:\/\/kktenis.pl\/kkt\/sylwester-z-leszkiem-sidorem-2018-19\/#primaryimage"},"thumbnailUrl":"https:\/\/kktenis.pl\/kkt\/wp-content\/uploads\/2024\/01\/sylwester_2018-3.jpg","keywords":["{Taxonomy: post_tag}"],"articleSection":{"1":"G\u0142\u00f3wna"},"inLanguage":"pl-PL"},{"@type":"WebPage","@id":"https:\/\/kktenis.pl\/kkt\/sylwester-z-leszkiem-sidorem-2018-19\/","url":"https:\/\/kktenis.pl\/kkt\/sylwester-z-leszkiem-sidorem-2018-19\/","name":"Sylwester z Leszkiem Sidorem 2018\/19 - K\u0119dzierzy\u0144ski Klub Tenisowy","isPartOf":{"@id":"https:\/\/kktenis.pl\/kkt\/#website"},"primaryImageOfPage":{"@id":"https:\/\/kktenis.pl\/kkt\/sylwester-z-leszkiem-sidorem-2018-19\/#primaryimage"},"image":{"@id":"https:\/\/kktenis.pl\/kkt\/sylwester-z-leszkiem-sidorem-2018-19\/#primaryimage"},"thumbnailUrl":"https:\/\/kktenis.pl\/kkt\/wp-content\/uploads\/2024\/01\/sylwester_2018-3.jpg","datePublished":"2018-11-12T08:37:29+00:00","dateModified":"2024-01-19T09:10:38+00:00","breadcrumb":{"@id":"https:\/\/kktenis.pl\/kkt\/sylwester-z-leszkiem-sidorem-2018-19\/#breadcrumb"},"inLanguage":"pl-PL","potentialAction":[{"@type":"ReadAction","target":["https:\/\/kktenis.pl\/kkt\/sylwester-z-leszkiem-sidorem-2018-19\/"]}]},{"@type":"ImageObject","inLanguage":"pl-PL","@id":"https:\/\/kktenis.pl\/kkt\/sylwester-z-leszkiem-sidorem-2018-19\/#primaryimage","url":"https:\/\/kktenis.pl\/kkt\/wp-content\/uploads\/2024\/01\/sylwester_2018-3.jpg","contentUrl":"https:\/\/kktenis.pl\/kkt\/wp-content\/uploads\/2024\/01\/sylwester_2018-3.jpg","width":320,"height":525},{"@type":"BreadcrumbList","@id":"https:\/\/kktenis.pl\/kkt\/sylwester-z-leszkiem-sidorem-2018-19\/#breadcrumb","itemListElement":[{"@type":"ListItem","position":1,"name":"Strona g\u0142\u00f3wna","item":"https:\/\/kktenis.pl\/kkt\/"},{"@type":"ListItem","position":2,"name":"Sylwester z Leszkiem Sidorem 2018\/19"}]},{"@type":"WebSite","@id":"https:\/\/kktenis.pl\/kkt\/#website","url":"https:\/\/kktenis.pl\/kkt\/","name":"K\u0119dzierzy\u0144ski Klub Tenisowy","description":"Sklep - Wz\u00f3r instalacji sklepu","publisher":{"@id":"https:\/\/kktenis.pl\/kkt\/#organization"},"potentialAction":[{"@type":"SearchAction","target":{"@type":"EntryPoint","urlTemplate":"https:\/\/kktenis.pl\/kkt\/?s={search_term_string}"},"query-input":{"@type":"PropertyValueSpecification","valueRequired":true,"valueName":"search_term_string"}}],"inLanguage":"pl-PL"},{"@type":"Organization","@id":"https:\/\/kktenis.pl\/kkt\/#organization","name":"K\u0119dzierzy\u0144ski Klub Tenisowy","url":"https:\/\/kktenis.pl\/kkt\/","logo":{"@type":"ImageObject","inLanguage":"pl-PL","@id":"https:\/\/kktenis.pl\/kkt\/#\/schema\/logo\/image\/","url":"https:\/\/kktenis.pl\/kkt\/wp-content\/uploads\/2024\/01\/logo.png","contentUrl":"https:\/\/kktenis.pl\/kkt\/wp-content\/uploads\/2024\/01\/logo.png","width":133,"height":65,"caption":"K\u0119dzierzy\u0144ski Klub Tenisowy"},"image":{"@id":"https:\/\/kktenis.pl\/kkt\/#\/schema\/logo\/image\/"},"sameAs":["https:\/\/www.facebook.com\/TenisClubKedzierzynKozle\/?locale=pl_PL"]},{"@type":"Person","@id":"https:\/\/kktenis.pl\/kkt\/#\/schema\/person\/bd6440441f5e0b23af8b4a6ee381662a","name":"admin","image":{"@type":"ImageObject","inLanguage":"pl-PL","@id":"https:\/\/kktenis.pl\/kkt\/#\/schema\/person\/image\/","url":"https:\/\/secure.gravatar.com\/avatar\/6bcf2e82eaa35bbe6b20f786a9dd443d?s=96&d=mm&r=g","contentUrl":"https:\/\/secure.gravatar.com\/avatar\/6bcf2e82eaa35bbe6b20f786a9dd443d?s=96&d=mm&r=g","caption":"admin"},"sameAs":["https:\/\/kktenis.pl\/kkt"],"url":"https:\/\/kktenis.pl\/kkt\/author\/admin\/"}]}},"_links":{"self":[{"href":"https:\/\/kktenis.pl\/kkt\/wp-json\/wp\/v2\/posts\/3412","targetHints":{"allow":["GET"]}}],"collection":[{"href":"https:\/\/kktenis.pl\/kkt\/wp-json\/wp\/v2\/posts"}],"about":[{"href":"https:\/\/kktenis.pl\/kkt\/wp-json\/wp\/v2\/types\/post"}],"author":[{"embeddable":true,"href":"https:\/\/kktenis.pl\/kkt\/wp-json\/wp\/v2\/users\/1"}],"replies":[{"embeddable":true,"href":"https:\/\/kktenis.pl\/kkt\/wp-json\/wp\/v2\/comments?post=3412"}],"version-history":[{"count":1,"href":"https:\/\/kktenis.pl\/kkt\/wp-json\/wp\/v2\/posts\/3412\/revisions"}],"predecessor-version":[{"id":3931,"href":"https:\/\/kktenis.pl\/kkt\/wp-json\/wp\/v2\/posts\/3412\/revisions\/3931"}],"wp:featuredmedia":[{"embeddable":true,"href":"https:\/\/kktenis.pl\/kkt\/wp-json\/wp\/v2\/media\/3413"}],"wp:attachment":[{"href":"https:\/\/kktenis.pl\/kkt\/wp-json\/wp\/v2\/media?parent=3412"}],"wp:term":[{"taxonomy":"category","embeddable":true,"href":"https:\/\/kktenis.pl\/kkt\/wp-json\/wp\/v2\/categories?post=3412"},{"taxonomy":"post_tag","embeddable":true,"href":"https:\/\/kktenis.pl\/kkt\/wp-json\/wp\/v2\/tags?post=3412"}],"curies":[{"name":"wp","href":"https:\/\/api.w.org\/{rel}","templated":true}]}}