{"id":3400,"date":"2019-01-12T08:07:34","date_gmt":"2019-01-12T07:07:34","guid":{"rendered":"https:\/\/kktenis.pl\/kkt\/reprezentant-polski-uczestnik-davis-cup-oraz-uczestnik-wiekiego-szlema-mateusz-kowalczyk-gosc-specjalny-podczas-iii-turnieju-deblowego-panow-winter-2018-19\/"},"modified":"2024-01-19T10:10:38","modified_gmt":"2024-01-19T09:10:38","slug":"reprezentant-polski-uczestnik-davis-cup-oraz-uczestnik-wiekiego-szlema-mateusz-kowalczyk-gosc-specjalny-podczas-iii-turnieju-deblowego-panow-winter-2018-19","status":"publish","type":"post","link":"https:\/\/kktenis.pl\/kkt\/reprezentant-polski-uczestnik-davis-cup-oraz-uczestnik-wiekiego-szlema-mateusz-kowalczyk-gosc-specjalny-podczas-iii-turnieju-deblowego-panow-winter-2018-19\/","title":{"rendered":"Reprezentant Polski, uczestnik Davis Cup, oraz uczestnik Wiekiego szlema Mateusz Kowalczyk , go\u015bciem specjalnym podczas III turnieju Deblowego Pan\u00f3w &#8222;WINTER&#8221; 2018\/19"},"content":{"rendered":"<p>Kolejna dawka tenisa w Tenis Club K\u0119dzierzyn-Ko\u017ale, na mistrzowskim poziomie. W miniony weekend odwiedzi\u0142 nas Mateusz Kowalczyk, reprezentant Polski, uczestnik Davis Cup oraz wielu imprez mi\u0119dzynarodowych, w tym wielkiego szlema. Mateusz wyst\u0105pi\u0142 go\u015bcinnie w turnieju deblowym, rywalizowa\u0142 na korcie, z amatorami tenisa, kt\u00f3rzy wyst\u0105pili podczas III Turnieju Deblowego Tenis Club &#8222;WINTER 2018\/19&#8221; AiS PZT.<br \/>We wszystkich spotkaniach, graj\u0105c, w parze z Marcinem Brzezinskim z Gliwic, nie stracili seta. Ka\u017cda para deblowa bior\u0105ca udzia\u0142 w turnieju, mia\u0142a mo\u017cliwo\u015b\u0107 zmierzenia si\u0119 z par\u0105 mistrzowsk\u0105. Rozegrany zosta\u0142 &#8222;fina\u0142 fina\u0142\u00f3w&#8221;, w kt\u00f3rym wyst\u0105pi\u0142a para turnieju, Marek Stochaj oraz Artur Szafarczyk, przedstawiciele naszego klubu, kontra para Mateusz Kowalczyk\/ Marcin Brzezinski. To by\u0142a doskona\u0142a okazja, r\u00f3wnie\u017c dla kibic\u00f3w.<br \/>To, nie by\u0142 ostatni pobyt Mateusza w Tenis Clubie KK, tego mo\u017cemy by\u0107 pewni&#8230; Dzi\u0119kujemy serdecznie, wszystkim, za wszystko&#8230; Brawo Panowie!<br \/>Fotorelacja oraz wyniki z turnieju.<\/p>\n<p>Dla takich chwil warto \u017cy\u0107. Dzi\u0119kujemy serdecznie!<\/p>\n<p><img fetchpriority=\"high\" decoding=\"async\" class=\" size-full wp-image-1251\" src=\"https:\/\/apbrzozowskiego.pl\/wordpress\/wp-content\/uploads\/2019\/01\/kowalczyk.JPG\" alt=\"kowalczyk\" width=\"320\" height=\"480\" \/><\/p>\n<p><img decoding=\"async\" class=\" size-full wp-image-1252\" src=\"https:\/\/apbrzozowskiego.pl\/wordpress\/wp-content\/uploads\/2019\/01\/kawiarnia_mateusz.JPG\" alt=\"kawiarnia mateusz\" width=\"420\" height=\"280\" \/><\/p>\n<p>\n<!--more-->\n<\/p>\n<p>\u00a0<\/p>\n<p><img decoding=\"async\" class=\" size-full wp-image-1253\" src=\"https:\/\/apbrzozowskiego.pl\/wordpress\/wp-content\/uploads\/2019\/01\/artur_i_marek.JPG\" alt=\"artur i marek\" width=\"320\" height=\"480\" \/><\/p>\n<p><img loading=\"lazy\" decoding=\"async\" class=\" size-full wp-image-1254\" src=\"https:\/\/apbrzozowskiego.pl\/wordpress\/wp-content\/uploads\/2019\/01\/kort_z_kowalczykiem.JPG\" alt=\"kort z kowalczykiem\" width=\"420\" height=\"280\" \/><\/p>\n<p><img loading=\"lazy\" decoding=\"async\" class=\" size-full wp-image-1255\" src=\"https:\/\/apbrzozowskiego.pl\/wordpress\/wp-content\/uploads\/2019\/01\/kruszkowalczyk.JPG\" alt=\"kruszkowalczyk\" width=\"420\" height=\"280\" \/><\/p>\n<p>\u00a0<\/p>\n<p>\u00a0<\/p>\n","protected":false},"excerpt":{"rendered":"<p>Kolejna dawka tenisa w Tenis Club K\u0119dzierzyn-Ko\u017ale, na mistrzowskim poziomie. W miniony weekend odwiedzi\u0142 nas Mateusz Kowalczyk, reprezentant Polski, uczestnik Davis Cup oraz wielu imprez mi\u0119dzynarodowych, w tym wielkiego szlema. Mateusz wyst\u0105pi\u0142 go\u015bcinnie w turnieju deblowym, rywalizowa\u0142 na korcie, z amatorami tenisa, kt\u00f3rzy wyst\u0105pili podczas III Turnieju Deblowego Tenis Club &#8222;WINTER 2018\/19&#8221; AiS PZT.We wszystkich [&hellip;]<\/p>\n","protected":false},"author":1,"featured_media":3401,"comment_status":"closed","ping_status":"closed","sticky":false,"template":"","format":"standard","meta":{"footnotes":""},"categories":[1,29],"tags":[33],"class_list":["post-3400","post","type-post","status-publish","format-standard","has-post-thumbnail","hentry","category-bez-kategorii","category-glowna","tag-taxonomy-post_tag"],"yoast_head":"<!-- This site is optimized with the Yoast SEO plugin v26.1.1 - https:\/\/yoast.com\/wordpress\/plugins\/seo\/ -->\n<title>Reprezentant Polski, uczestnik Davis Cup, oraz uczestnik Wiekiego szlema Mateusz Kowalczyk , go\u015bciem specjalnym podczas III turnieju Deblowego Pan\u00f3w &quot;WINTER&quot; 2018\/19 - K\u0119dzierzy\u0144ski Klub Tenisowy<\/title>\n<meta name=\"robots\" content=\"index, follow, max-snippet:-1, max-image-preview:large, max-video-preview:-1\" \/>\n<link rel=\"canonical\" href=\"https:\/\/kktenis.pl\/kkt\/reprezentant-polski-uczestnik-davis-cup-oraz-uczestnik-wiekiego-szlema-mateusz-kowalczyk-gosc-specjalny-podczas-iii-turnieju-deblowego-panow-winter-2018-19\/\" \/>\n<meta property=\"og:locale\" content=\"pl_PL\" \/>\n<meta property=\"og:type\" content=\"article\" \/>\n<meta property=\"og:title\" content=\"Reprezentant Polski, uczestnik Davis Cup, oraz uczestnik Wiekiego szlema Mateusz Kowalczyk , go\u015bciem specjalnym podczas III turnieju Deblowego Pan\u00f3w &quot;WINTER&quot; 2018\/19 - K\u0119dzierzy\u0144ski Klub Tenisowy\" \/>\n<meta property=\"og:description\" content=\"Kolejna dawka tenisa w Tenis Club K\u0119dzierzyn-Ko\u017ale, na mistrzowskim poziomie. W miniony weekend odwiedzi\u0142 nas Mateusz Kowalczyk, reprezentant Polski, uczestnik Davis Cup oraz wielu imprez mi\u0119dzynarodowych, w tym wielkiego szlema. Mateusz wyst\u0105pi\u0142 go\u015bcinnie w turnieju deblowym, rywalizowa\u0142 na korcie, z amatorami tenisa, kt\u00f3rzy wyst\u0105pili podczas III Turnieju Deblowego Tenis Club &#8222;WINTER 2018\/19&#8221; AiS PZT.We wszystkich [&hellip;]\" \/>\n<meta property=\"og:url\" content=\"https:\/\/kktenis.pl\/kkt\/reprezentant-polski-uczestnik-davis-cup-oraz-uczestnik-wiekiego-szlema-mateusz-kowalczyk-gosc-specjalny-podczas-iii-turnieju-deblowego-panow-winter-2018-19\/\" \/>\n<meta property=\"og:site_name\" content=\"K\u0119dzierzy\u0144ski Klub Tenisowy\" \/>\n<meta property=\"article:publisher\" content=\"https:\/\/www.facebook.com\/TenisClubKedzierzynKozle\/?locale=pl_PL\" \/>\n<meta property=\"article:published_time\" content=\"2019-01-12T07:07:34+00:00\" \/>\n<meta property=\"article:modified_time\" content=\"2024-01-19T09:10:38+00:00\" \/>\n<meta property=\"og:image\" content=\"https:\/\/kktenis.pl\/kkt\/wp-content\/uploads\/2024\/01\/kowalczyk-3.JPG\" \/>\n\t<meta property=\"og:image:width\" content=\"320\" \/>\n\t<meta property=\"og:image:height\" content=\"480\" \/>\n\t<meta property=\"og:image:type\" content=\"image\/jpeg\" \/>\n<meta name=\"author\" content=\"admin\" \/>\n<meta name=\"twitter:card\" content=\"summary_large_image\" \/>\n<meta name=\"twitter:label1\" content=\"Napisane przez\" \/>\n\t<meta name=\"twitter:data1\" content=\"admin\" \/>\n\t<meta name=\"twitter:label2\" content=\"Szacowany czas czytania\" \/>\n\t<meta name=\"twitter:data2\" content=\"1 minuta\" \/>\n<script type=\"application\/ld+json\" class=\"yoast-schema-graph\">{\"@context\":\"https:\/\/schema.org\",\"@graph\":[{\"@type\":\"Article\",\"@id\":\"https:\/\/kktenis.pl\/kkt\/reprezentant-polski-uczestnik-davis-cup-oraz-uczestnik-wiekiego-szlema-mateusz-kowalczyk-gosc-specjalny-podczas-iii-turnieju-deblowego-panow-winter-2018-19\/#article\",\"isPartOf\":{\"@id\":\"https:\/\/kktenis.pl\/kkt\/reprezentant-polski-uczestnik-davis-cup-oraz-uczestnik-wiekiego-szlema-mateusz-kowalczyk-gosc-specjalny-podczas-iii-turnieju-deblowego-panow-winter-2018-19\/\"},\"author\":{\"name\":\"admin\",\"@id\":\"https:\/\/kktenis.pl\/kkt\/#\/schema\/person\/bd6440441f5e0b23af8b4a6ee381662a\"},\"headline\":\"Reprezentant Polski, uczestnik Davis Cup, oraz uczestnik Wiekiego szlema Mateusz Kowalczyk , go\u015bciem specjalnym podczas III turnieju Deblowego Pan\u00f3w &#8222;WINTER&#8221; 2018\/19\",\"datePublished\":\"2019-01-12T07:07:34+00:00\",\"dateModified\":\"2024-01-19T09:10:38+00:00\",\"mainEntityOfPage\":{\"@id\":\"https:\/\/kktenis.pl\/kkt\/reprezentant-polski-uczestnik-davis-cup-oraz-uczestnik-wiekiego-szlema-mateusz-kowalczyk-gosc-specjalny-podczas-iii-turnieju-deblowego-panow-winter-2018-19\/\"},\"wordCount\":188,\"publisher\":{\"@id\":\"https:\/\/kktenis.pl\/kkt\/#organization\"},\"image\":{\"@id\":\"https:\/\/kktenis.pl\/kkt\/reprezentant-polski-uczestnik-davis-cup-oraz-uczestnik-wiekiego-szlema-mateusz-kowalczyk-gosc-specjalny-podczas-iii-turnieju-deblowego-panow-winter-2018-19\/#primaryimage\"},\"thumbnailUrl\":\"https:\/\/kktenis.pl\/kkt\/wp-content\/uploads\/2024\/01\/kowalczyk-3.JPG\",\"keywords\":[\"{Taxonomy: post_tag}\"],\"articleSection\":{\"1\":\"G\u0142\u00f3wna\"},\"inLanguage\":\"pl-PL\"},{\"@type\":\"WebPage\",\"@id\":\"https:\/\/kktenis.pl\/kkt\/reprezentant-polski-uczestnik-davis-cup-oraz-uczestnik-wiekiego-szlema-mateusz-kowalczyk-gosc-specjalny-podczas-iii-turnieju-deblowego-panow-winter-2018-19\/\",\"url\":\"https:\/\/kktenis.pl\/kkt\/reprezentant-polski-uczestnik-davis-cup-oraz-uczestnik-wiekiego-szlema-mateusz-kowalczyk-gosc-specjalny-podczas-iii-turnieju-deblowego-panow-winter-2018-19\/\",\"name\":\"Reprezentant Polski, uczestnik Davis Cup, oraz uczestnik Wiekiego szlema Mateusz Kowalczyk , go\u015bciem specjalnym podczas III turnieju Deblowego Pan\u00f3w \\\"WINTER\\\" 2018\/19 - K\u0119dzierzy\u0144ski Klub Tenisowy\",\"isPartOf\":{\"@id\":\"https:\/\/kktenis.pl\/kkt\/#website\"},\"primaryImageOfPage\":{\"@id\":\"https:\/\/kktenis.pl\/kkt\/reprezentant-polski-uczestnik-davis-cup-oraz-uczestnik-wiekiego-szlema-mateusz-kowalczyk-gosc-specjalny-podczas-iii-turnieju-deblowego-panow-winter-2018-19\/#primaryimage\"},\"image\":{\"@id\":\"https:\/\/kktenis.pl\/kkt\/reprezentant-polski-uczestnik-davis-cup-oraz-uczestnik-wiekiego-szlema-mateusz-kowalczyk-gosc-specjalny-podczas-iii-turnieju-deblowego-panow-winter-2018-19\/#primaryimage\"},\"thumbnailUrl\":\"https:\/\/kktenis.pl\/kkt\/wp-content\/uploads\/2024\/01\/kowalczyk-3.JPG\",\"datePublished\":\"2019-01-12T07:07:34+00:00\",\"dateModified\":\"2024-01-19T09:10:38+00:00\",\"breadcrumb\":{\"@id\":\"https:\/\/kktenis.pl\/kkt\/reprezentant-polski-uczestnik-davis-cup-oraz-uczestnik-wiekiego-szlema-mateusz-kowalczyk-gosc-specjalny-podczas-iii-turnieju-deblowego-panow-winter-2018-19\/#breadcrumb\"},\"inLanguage\":\"pl-PL\",\"potentialAction\":[{\"@type\":\"ReadAction\",\"target\":[\"https:\/\/kktenis.pl\/kkt\/reprezentant-polski-uczestnik-davis-cup-oraz-uczestnik-wiekiego-szlema-mateusz-kowalczyk-gosc-specjalny-podczas-iii-turnieju-deblowego-panow-winter-2018-19\/\"]}]},{\"@type\":\"ImageObject\",\"inLanguage\":\"pl-PL\",\"@id\":\"https:\/\/kktenis.pl\/kkt\/reprezentant-polski-uczestnik-davis-cup-oraz-uczestnik-wiekiego-szlema-mateusz-kowalczyk-gosc-specjalny-podczas-iii-turnieju-deblowego-panow-winter-2018-19\/#primaryimage\",\"url\":\"https:\/\/kktenis.pl\/kkt\/wp-content\/uploads\/2024\/01\/kowalczyk-3.JPG\",\"contentUrl\":\"https:\/\/kktenis.pl\/kkt\/wp-content\/uploads\/2024\/01\/kowalczyk-3.JPG\",\"width\":320,\"height\":480},{\"@type\":\"BreadcrumbList\",\"@id\":\"https:\/\/kktenis.pl\/kkt\/reprezentant-polski-uczestnik-davis-cup-oraz-uczestnik-wiekiego-szlema-mateusz-kowalczyk-gosc-specjalny-podczas-iii-turnieju-deblowego-panow-winter-2018-19\/#breadcrumb\",\"itemListElement\":[{\"@type\":\"ListItem\",\"position\":1,\"name\":\"Strona g\u0142\u00f3wna\",\"item\":\"https:\/\/kktenis.pl\/kkt\/\"},{\"@type\":\"ListItem\",\"position\":2,\"name\":\"Reprezentant Polski, uczestnik Davis Cup, oraz uczestnik Wiekiego szlema Mateusz Kowalczyk , go\u015bciem specjalnym podczas III turnieju Deblowego Pan\u00f3w &#8220;WINTER&#8221; 2018\/19\"}]},{\"@type\":\"WebSite\",\"@id\":\"https:\/\/kktenis.pl\/kkt\/#website\",\"url\":\"https:\/\/kktenis.pl\/kkt\/\",\"name\":\"K\u0119dzierzy\u0144ski Klub Tenisowy\",\"description\":\"Sklep - Wz\u00f3r instalacji sklepu\",\"publisher\":{\"@id\":\"https:\/\/kktenis.pl\/kkt\/#organization\"},\"potentialAction\":[{\"@type\":\"SearchAction\",\"target\":{\"@type\":\"EntryPoint\",\"urlTemplate\":\"https:\/\/kktenis.pl\/kkt\/?s={search_term_string}\"},\"query-input\":{\"@type\":\"PropertyValueSpecification\",\"valueRequired\":true,\"valueName\":\"search_term_string\"}}],\"inLanguage\":\"pl-PL\"},{\"@type\":\"Organization\",\"@id\":\"https:\/\/kktenis.pl\/kkt\/#organization\",\"name\":\"K\u0119dzierzy\u0144ski Klub Tenisowy\",\"url\":\"https:\/\/kktenis.pl\/kkt\/\",\"logo\":{\"@type\":\"ImageObject\",\"inLanguage\":\"pl-PL\",\"@id\":\"https:\/\/kktenis.pl\/kkt\/#\/schema\/logo\/image\/\",\"url\":\"https:\/\/kktenis.pl\/kkt\/wp-content\/uploads\/2024\/01\/logo.png\",\"contentUrl\":\"https:\/\/kktenis.pl\/kkt\/wp-content\/uploads\/2024\/01\/logo.png\",\"width\":133,\"height\":65,\"caption\":\"K\u0119dzierzy\u0144ski Klub Tenisowy\"},\"image\":{\"@id\":\"https:\/\/kktenis.pl\/kkt\/#\/schema\/logo\/image\/\"},\"sameAs\":[\"https:\/\/www.facebook.com\/TenisClubKedzierzynKozle\/?locale=pl_PL\"]},{\"@type\":\"Person\",\"@id\":\"https:\/\/kktenis.pl\/kkt\/#\/schema\/person\/bd6440441f5e0b23af8b4a6ee381662a\",\"name\":\"admin\",\"image\":{\"@type\":\"ImageObject\",\"inLanguage\":\"pl-PL\",\"@id\":\"https:\/\/kktenis.pl\/kkt\/#\/schema\/person\/image\/\",\"url\":\"https:\/\/secure.gravatar.com\/avatar\/6bcf2e82eaa35bbe6b20f786a9dd443d?s=96&d=mm&r=g\",\"contentUrl\":\"https:\/\/secure.gravatar.com\/avatar\/6bcf2e82eaa35bbe6b20f786a9dd443d?s=96&d=mm&r=g\",\"caption\":\"admin\"},\"sameAs\":[\"https:\/\/kktenis.pl\/kkt\"],\"url\":\"https:\/\/kktenis.pl\/kkt\/author\/admin\/\"}]}<\/script>\n<!-- \/ Yoast SEO plugin. -->","yoast_head_json":{"title":"Reprezentant Polski, uczestnik Davis Cup, oraz uczestnik Wiekiego szlema Mateusz Kowalczyk , go\u015bciem specjalnym podczas III turnieju Deblowego Pan\u00f3w \"WINTER\" 2018\/19 - K\u0119dzierzy\u0144ski Klub Tenisowy","robots":{"index":"index","follow":"follow","max-snippet":"max-snippet:-1","max-image-preview":"max-image-preview:large","max-video-preview":"max-video-preview:-1"},"canonical":"https:\/\/kktenis.pl\/kkt\/reprezentant-polski-uczestnik-davis-cup-oraz-uczestnik-wiekiego-szlema-mateusz-kowalczyk-gosc-specjalny-podczas-iii-turnieju-deblowego-panow-winter-2018-19\/","og_locale":"pl_PL","og_type":"article","og_title":"Reprezentant Polski, uczestnik Davis Cup, oraz uczestnik Wiekiego szlema Mateusz Kowalczyk , go\u015bciem specjalnym podczas III turnieju Deblowego Pan\u00f3w \"WINTER\" 2018\/19 - K\u0119dzierzy\u0144ski Klub Tenisowy","og_description":"Kolejna dawka tenisa w Tenis Club K\u0119dzierzyn-Ko\u017ale, na mistrzowskim poziomie. W miniony weekend odwiedzi\u0142 nas Mateusz Kowalczyk, reprezentant Polski, uczestnik Davis Cup oraz wielu imprez mi\u0119dzynarodowych, w tym wielkiego szlema. Mateusz wyst\u0105pi\u0142 go\u015bcinnie w turnieju deblowym, rywalizowa\u0142 na korcie, z amatorami tenisa, kt\u00f3rzy wyst\u0105pili podczas III Turnieju Deblowego Tenis Club &#8222;WINTER 2018\/19&#8221; AiS PZT.We wszystkich [&hellip;]","og_url":"https:\/\/kktenis.pl\/kkt\/reprezentant-polski-uczestnik-davis-cup-oraz-uczestnik-wiekiego-szlema-mateusz-kowalczyk-gosc-specjalny-podczas-iii-turnieju-deblowego-panow-winter-2018-19\/","og_site_name":"K\u0119dzierzy\u0144ski Klub Tenisowy","article_publisher":"https:\/\/www.facebook.com\/TenisClubKedzierzynKozle\/?locale=pl_PL","article_published_time":"2019-01-12T07:07:34+00:00","article_modified_time":"2024-01-19T09:10:38+00:00","og_image":[{"width":320,"height":480,"url":"https:\/\/kktenis.pl\/kkt\/wp-content\/uploads\/2024\/01\/kowalczyk-3.JPG","type":"image\/jpeg"}],"author":"admin","twitter_card":"summary_large_image","twitter_misc":{"Napisane przez":"admin","Szacowany czas czytania":"1 minuta"},"schema":{"@context":"https:\/\/schema.org","@graph":[{"@type":"Article","@id":"https:\/\/kktenis.pl\/kkt\/reprezentant-polski-uczestnik-davis-cup-oraz-uczestnik-wiekiego-szlema-mateusz-kowalczyk-gosc-specjalny-podczas-iii-turnieju-deblowego-panow-winter-2018-19\/#article","isPartOf":{"@id":"https:\/\/kktenis.pl\/kkt\/reprezentant-polski-uczestnik-davis-cup-oraz-uczestnik-wiekiego-szlema-mateusz-kowalczyk-gosc-specjalny-podczas-iii-turnieju-deblowego-panow-winter-2018-19\/"},"author":{"name":"admin","@id":"https:\/\/kktenis.pl\/kkt\/#\/schema\/person\/bd6440441f5e0b23af8b4a6ee381662a"},"headline":"Reprezentant Polski, uczestnik Davis Cup, oraz uczestnik Wiekiego szlema Mateusz Kowalczyk , go\u015bciem specjalnym podczas III turnieju Deblowego Pan\u00f3w &#8222;WINTER&#8221; 2018\/19","datePublished":"2019-01-12T07:07:34+00:00","dateModified":"2024-01-19T09:10:38+00:00","mainEntityOfPage":{"@id":"https:\/\/kktenis.pl\/kkt\/reprezentant-polski-uczestnik-davis-cup-oraz-uczestnik-wiekiego-szlema-mateusz-kowalczyk-gosc-specjalny-podczas-iii-turnieju-deblowego-panow-winter-2018-19\/"},"wordCount":188,"publisher":{"@id":"https:\/\/kktenis.pl\/kkt\/#organization"},"image":{"@id":"https:\/\/kktenis.pl\/kkt\/reprezentant-polski-uczestnik-davis-cup-oraz-uczestnik-wiekiego-szlema-mateusz-kowalczyk-gosc-specjalny-podczas-iii-turnieju-deblowego-panow-winter-2018-19\/#primaryimage"},"thumbnailUrl":"https:\/\/kktenis.pl\/kkt\/wp-content\/uploads\/2024\/01\/kowalczyk-3.JPG","keywords":["{Taxonomy: post_tag}"],"articleSection":{"1":"G\u0142\u00f3wna"},"inLanguage":"pl-PL"},{"@type":"WebPage","@id":"https:\/\/kktenis.pl\/kkt\/reprezentant-polski-uczestnik-davis-cup-oraz-uczestnik-wiekiego-szlema-mateusz-kowalczyk-gosc-specjalny-podczas-iii-turnieju-deblowego-panow-winter-2018-19\/","url":"https:\/\/kktenis.pl\/kkt\/reprezentant-polski-uczestnik-davis-cup-oraz-uczestnik-wiekiego-szlema-mateusz-kowalczyk-gosc-specjalny-podczas-iii-turnieju-deblowego-panow-winter-2018-19\/","name":"Reprezentant Polski, uczestnik Davis Cup, oraz uczestnik Wiekiego szlema Mateusz Kowalczyk , go\u015bciem specjalnym podczas III turnieju Deblowego Pan\u00f3w \"WINTER\" 2018\/19 - K\u0119dzierzy\u0144ski Klub Tenisowy","isPartOf":{"@id":"https:\/\/kktenis.pl\/kkt\/#website"},"primaryImageOfPage":{"@id":"https:\/\/kktenis.pl\/kkt\/reprezentant-polski-uczestnik-davis-cup-oraz-uczestnik-wiekiego-szlema-mateusz-kowalczyk-gosc-specjalny-podczas-iii-turnieju-deblowego-panow-winter-2018-19\/#primaryimage"},"image":{"@id":"https:\/\/kktenis.pl\/kkt\/reprezentant-polski-uczestnik-davis-cup-oraz-uczestnik-wiekiego-szlema-mateusz-kowalczyk-gosc-specjalny-podczas-iii-turnieju-deblowego-panow-winter-2018-19\/#primaryimage"},"thumbnailUrl":"https:\/\/kktenis.pl\/kkt\/wp-content\/uploads\/2024\/01\/kowalczyk-3.JPG","datePublished":"2019-01-12T07:07:34+00:00","dateModified":"2024-01-19T09:10:38+00:00","breadcrumb":{"@id":"https:\/\/kktenis.pl\/kkt\/reprezentant-polski-uczestnik-davis-cup-oraz-uczestnik-wiekiego-szlema-mateusz-kowalczyk-gosc-specjalny-podczas-iii-turnieju-deblowego-panow-winter-2018-19\/#breadcrumb"},"inLanguage":"pl-PL","potentialAction":[{"@type":"ReadAction","target":["https:\/\/kktenis.pl\/kkt\/reprezentant-polski-uczestnik-davis-cup-oraz-uczestnik-wiekiego-szlema-mateusz-kowalczyk-gosc-specjalny-podczas-iii-turnieju-deblowego-panow-winter-2018-19\/"]}]},{"@type":"ImageObject","inLanguage":"pl-PL","@id":"https:\/\/kktenis.pl\/kkt\/reprezentant-polski-uczestnik-davis-cup-oraz-uczestnik-wiekiego-szlema-mateusz-kowalczyk-gosc-specjalny-podczas-iii-turnieju-deblowego-panow-winter-2018-19\/#primaryimage","url":"https:\/\/kktenis.pl\/kkt\/wp-content\/uploads\/2024\/01\/kowalczyk-3.JPG","contentUrl":"https:\/\/kktenis.pl\/kkt\/wp-content\/uploads\/2024\/01\/kowalczyk-3.JPG","width":320,"height":480},{"@type":"BreadcrumbList","@id":"https:\/\/kktenis.pl\/kkt\/reprezentant-polski-uczestnik-davis-cup-oraz-uczestnik-wiekiego-szlema-mateusz-kowalczyk-gosc-specjalny-podczas-iii-turnieju-deblowego-panow-winter-2018-19\/#breadcrumb","itemListElement":[{"@type":"ListItem","position":1,"name":"Strona g\u0142\u00f3wna","item":"https:\/\/kktenis.pl\/kkt\/"},{"@type":"ListItem","position":2,"name":"Reprezentant Polski, uczestnik Davis Cup, oraz uczestnik Wiekiego szlema Mateusz Kowalczyk , go\u015bciem specjalnym podczas III turnieju Deblowego Pan\u00f3w &#8220;WINTER&#8221; 2018\/19"}]},{"@type":"WebSite","@id":"https:\/\/kktenis.pl\/kkt\/#website","url":"https:\/\/kktenis.pl\/kkt\/","name":"K\u0119dzierzy\u0144ski Klub Tenisowy","description":"Sklep - Wz\u00f3r instalacji sklepu","publisher":{"@id":"https:\/\/kktenis.pl\/kkt\/#organization"},"potentialAction":[{"@type":"SearchAction","target":{"@type":"EntryPoint","urlTemplate":"https:\/\/kktenis.pl\/kkt\/?s={search_term_string}"},"query-input":{"@type":"PropertyValueSpecification","valueRequired":true,"valueName":"search_term_string"}}],"inLanguage":"pl-PL"},{"@type":"Organization","@id":"https:\/\/kktenis.pl\/kkt\/#organization","name":"K\u0119dzierzy\u0144ski Klub Tenisowy","url":"https:\/\/kktenis.pl\/kkt\/","logo":{"@type":"ImageObject","inLanguage":"pl-PL","@id":"https:\/\/kktenis.pl\/kkt\/#\/schema\/logo\/image\/","url":"https:\/\/kktenis.pl\/kkt\/wp-content\/uploads\/2024\/01\/logo.png","contentUrl":"https:\/\/kktenis.pl\/kkt\/wp-content\/uploads\/2024\/01\/logo.png","width":133,"height":65,"caption":"K\u0119dzierzy\u0144ski Klub Tenisowy"},"image":{"@id":"https:\/\/kktenis.pl\/kkt\/#\/schema\/logo\/image\/"},"sameAs":["https:\/\/www.facebook.com\/TenisClubKedzierzynKozle\/?locale=pl_PL"]},{"@type":"Person","@id":"https:\/\/kktenis.pl\/kkt\/#\/schema\/person\/bd6440441f5e0b23af8b4a6ee381662a","name":"admin","image":{"@type":"ImageObject","inLanguage":"pl-PL","@id":"https:\/\/kktenis.pl\/kkt\/#\/schema\/person\/image\/","url":"https:\/\/secure.gravatar.com\/avatar\/6bcf2e82eaa35bbe6b20f786a9dd443d?s=96&d=mm&r=g","contentUrl":"https:\/\/secure.gravatar.com\/avatar\/6bcf2e82eaa35bbe6b20f786a9dd443d?s=96&d=mm&r=g","caption":"admin"},"sameAs":["https:\/\/kktenis.pl\/kkt"],"url":"https:\/\/kktenis.pl\/kkt\/author\/admin\/"}]}},"_links":{"self":[{"href":"https:\/\/kktenis.pl\/kkt\/wp-json\/wp\/v2\/posts\/3400","targetHints":{"allow":["GET"]}}],"collection":[{"href":"https:\/\/kktenis.pl\/kkt\/wp-json\/wp\/v2\/posts"}],"about":[{"href":"https:\/\/kktenis.pl\/kkt\/wp-json\/wp\/v2\/types\/post"}],"author":[{"embeddable":true,"href":"https:\/\/kktenis.pl\/kkt\/wp-json\/wp\/v2\/users\/1"}],"replies":[{"embeddable":true,"href":"https:\/\/kktenis.pl\/kkt\/wp-json\/wp\/v2\/comments?post=3400"}],"version-history":[{"count":1,"href":"https:\/\/kktenis.pl\/kkt\/wp-json\/wp\/v2\/posts\/3400\/revisions"}],"predecessor-version":[{"id":3925,"href":"https:\/\/kktenis.pl\/kkt\/wp-json\/wp\/v2\/posts\/3400\/revisions\/3925"}],"wp:featuredmedia":[{"embeddable":true,"href":"https:\/\/kktenis.pl\/kkt\/wp-json\/wp\/v2\/media\/3401"}],"wp:attachment":[{"href":"https:\/\/kktenis.pl\/kkt\/wp-json\/wp\/v2\/media?parent=3400"}],"wp:term":[{"taxonomy":"category","embeddable":true,"href":"https:\/\/kktenis.pl\/kkt\/wp-json\/wp\/v2\/categories?post=3400"},{"taxonomy":"post_tag","embeddable":true,"href":"https:\/\/kktenis.pl\/kkt\/wp-json\/wp\/v2\/tags?post=3400"}],"curies":[{"name":"wp","href":"https:\/\/api.w.org\/{rel}","templated":true}]}}